{"id":4247,"date":"2025-10-28T19:15:09","date_gmt":"2025-10-28T17:15:09","guid":{"rendered":"https:\/\/www.klicklack.de\/?p=4247"},"modified":"2025-10-28T19:16:43","modified_gmt":"2025-10-28T17:16:43","slug":"herbst-oder-wie-sich-das-alte-fujifilm-x-14-35-an-fujis-t5-macht","status":"publish","type":"post","link":"https:\/\/www.klicklack.de\/?p=4247","title":{"rendered":"Herbst. Oder wie sich das alte Fujifilm X 1,4\/35 an Fujis T5 macht."},"content":{"rendered":"<figure id=\"attachment_4250\" aria-describedby=\"caption-attachment-4250\" style=\"width: 2048px\" class=\"wp-caption alignnone\"><a href=\"https:\/\/www.klicklack.de\/wp-content\/uploads\/2025\/10\/DSCF3038.jpg\"><img loading=\"lazy\" decoding=\"async\" class=\"wp-image-4250 size-full\" src=\"https:\/\/www.klicklack.de\/wp-content\/uploads\/2025\/10\/DSCF3038.jpg\" alt=\"\" width=\"2048\" height=\"1365\" srcset=\"https:\/\/www.klicklack.de\/wp-content\/uploads\/2025\/10\/DSCF3038.jpg 2048w, https:\/\/www.klicklack.de\/wp-content\/uploads\/2025\/10\/DSCF3038-300x200.jpg 300w, https:\/\/www.klicklack.de\/wp-content\/uploads\/2025\/10\/DSCF3038-1024x683.jpg 1024w, https:\/\/www.klicklack.de\/wp-content\/uploads\/2025\/10\/DSCF3038-768x512.jpg 768w, https:\/\/www.klicklack.de\/wp-content\/uploads\/2025\/10\/DSCF3038-1536x1024.jpg 1536w\" sizes=\"auto, (max-width: 2048px) 100vw, 2048px\" \/><\/a><figcaption id=\"caption-attachment-4250\" class=\"wp-caption-text\">Birken. X-T5. Mit dem 1,4\/35. Bl. 8 bei 1\/140stel Sek. ISO 200.<\/figcaption><\/figure>\n<p>Von Fuji wurde eine Art Kompatibilit\u00e4tsliste mit verschiedenen Objektiven, die sich besonders f\u00fcr diese Kamera mit ihrem 40MP- Sensor eignen sollen, hrausgegeben. Genaugenommen handelt es sich dabei um Empfehlungen, nach denen das genannte Objektiv weniger geeignet sein sollte. Nun, mein damaliger Test von Anno 2012 hat ergeben, dass man dieses Objektiv mit hoher Wahrscheinlichtkeit noch an 24-30Mp- Sensoren ansetzen kann. Das war eine Sch\u00e4tzung, die sich zumindest f\u00fcr die 24Mp- Sensoren durchaus best\u00e4tigt hat. An X-T2 und Pro2 machte es sich gut. Jetzt sind wir aber bei 40 davon und daher mischen sich die Karten bisweilen noch einmal neu.<\/p>\n<p>Wie das Ganze so aussieht, zeigen die Bilder, die rein technisch gesehen sehr fordernd f\u00fcr die Abbildungsqualit\u00e4t dieser Objektive sein sollten: Viele Details und das Motiv ist zumindest mir bereits bekannt und von mir schon \u00f6fter fotografiert worden. Ich kenne das Motiv also und daher brauchte ich nur auf passendes Licht zu warten, um meine Testbilder aufzunehmen.<\/p>\n<h2>Die Bildqualit\u00e4t<\/h2>\n<p>Was ich sagen kann, ist, dass die Kombination mit der T5 keinen Stich sieht, wenn ist das Ganze mit meinem Mittelformater vergleicht. Da st\u00fcnden allerdings auch 100Mp auf rund 1420 cm\u00b2 mit einer ordentlichen Fuji- Linse und einem ordentlichen Sensor gegen 40Mp auf einem kleinen Sensor mit rund 380 mm\u00b2 und einer ebenfalls ordentlichen Linse. Wer ein bisschen Phantasie hat, kann sich vorstellen, dass die relativen Anforderungen an die Linsen f\u00fcr die T5 deutlich h\u00f6her sein m\u00fcssen, wenn man sich diese Zahlen mal vor Augen h\u00e4lt.<\/p>\n<figure id=\"attachment_4251\" aria-describedby=\"caption-attachment-4251\" style=\"width: 2048px\" class=\"wp-caption alignnone\"><a href=\"https:\/\/www.klicklack.de\/wp-content\/uploads\/2025\/10\/DSCF3040.jpg\"><img loading=\"lazy\" decoding=\"async\" class=\"wp-image-4251 size-full\" src=\"https:\/\/www.klicklack.de\/wp-content\/uploads\/2025\/10\/DSCF3040.jpg\" alt=\"\" width=\"2048\" height=\"1365\" srcset=\"https:\/\/www.klicklack.de\/wp-content\/uploads\/2025\/10\/DSCF3040.jpg 2048w, https:\/\/www.klicklack.de\/wp-content\/uploads\/2025\/10\/DSCF3040-300x200.jpg 300w, https:\/\/www.klicklack.de\/wp-content\/uploads\/2025\/10\/DSCF3040-1024x683.jpg 1024w, https:\/\/www.klicklack.de\/wp-content\/uploads\/2025\/10\/DSCF3040-768x512.jpg 768w, https:\/\/www.klicklack.de\/wp-content\/uploads\/2025\/10\/DSCF3040-1536x1024.jpg 1536w\" sizes=\"auto, (max-width: 2048px) 100vw, 2048px\" \/><\/a><figcaption id=\"caption-attachment-4251\" class=\"wp-caption-text\">Birken. X-T5. Mit dem 1,4\/35. Bl. 8 bei 1\/125stel Sek. ISO 200.<\/figcaption><\/figure>\n<p>Das Interessante daran ist, dass das auch mit dieser Linse noch funktioniert, wenn man es richtig anstellt. Man muss in der Bildbearbeitung nachsch\u00e4rfen; dann wird es zumindest scharf und die sichtbar werdenden &#8222;Wattb\u00e4usche&#8220; werden weitgehend unsichtbar. Das Objektiv hat also seine Grenze \u00fcberschritten oder zumindest erreicht. Zum Vergleich: Bei meiner l\u00e4ngst verkauften Canon 5D2 trat dieser Effekt schon bei 21 Megapixeln und allen Objektiven ein, die ich daf\u00fcr hatte. Das waren \u00fcbrigens keine Billiglinsen aus der Ramschecke, sondern die teuren Objektive aus der L-Reihe. Bei denen konnte man das \u00fcbrigens nicht entfernen. Klar sollte sein, dass man die einzelnen Formate nat\u00fcrlich durchaus miteinander vergleichen kann, wenn man nach der besten Qualit\u00e4t sucht, aber es gilt beim Thema Bildqualit\u00e4t nach wie vor bis auf die eine oder andere Ausnahme &#8222;Bigger ist better&#8220; und daher sollte man das eigentlich nicht in dieser Form tun. Andere wichtige Dinge wie das Gewicht spielen bei einer derart heruntergebrochenen Sichtweise zuerst mal keine Rolle. Mir ist durchaus bekannt, dass die Handhabbarkeit der Ausr\u00fcstung eine wichtige Rolle spielt.<\/p>\n<figure id=\"attachment_4252\" aria-describedby=\"caption-attachment-4252\" style=\"width: 1365px\" class=\"wp-caption alignnone\"><a href=\"https:\/\/www.klicklack.de\/wp-content\/uploads\/2025\/10\/DSCF3053.jpg\"><img loading=\"lazy\" decoding=\"async\" class=\"wp-image-4252 size-full\" src=\"https:\/\/www.klicklack.de\/wp-content\/uploads\/2025\/10\/DSCF3053.jpg\" alt=\"\" width=\"1365\" height=\"2048\" srcset=\"https:\/\/www.klicklack.de\/wp-content\/uploads\/2025\/10\/DSCF3053.jpg 1365w, https:\/\/www.klicklack.de\/wp-content\/uploads\/2025\/10\/DSCF3053-200x300.jpg 200w, https:\/\/www.klicklack.de\/wp-content\/uploads\/2025\/10\/DSCF3053-683x1024.jpg 683w, https:\/\/www.klicklack.de\/wp-content\/uploads\/2025\/10\/DSCF3053-768x1152.jpg 768w, https:\/\/www.klicklack.de\/wp-content\/uploads\/2025\/10\/DSCF3053-1024x1536.jpg 1024w\" sizes=\"auto, (max-width: 1365px) 100vw, 1365px\" \/><\/a><figcaption id=\"caption-attachment-4252\" class=\"wp-caption-text\">Birken. X-T5. Mit dem 1,4\/35. Bl. 8 bei 1\/150stel Sek. ISO 200.<\/figcaption><\/figure>\n<p>Was ich also sagen kann, ist das hier: Es funktioniert besser als mit meiner einstigen Canon und weniger gut als mit meiner GFX 100s. Man muss sich halt die Frage stellen, ob man die 100er wirklich braucht. F\u00fcr mich ist die Antwort ein klares Ja; andere k\u00f6nnen und d\u00fcrfen das nat\u00fcrlich anders sehen. Es kommt halt immer darauf an. Ich folge hier in gewisser Weise der Ansicht eines amerikanischen Fotografen namens Adams, dessen Antwort war, dass er das schwerste benutzt, das er gerade noch durch die Berge tragen kann. Der Gute hat allerdings vieles eher im 4x5inch- Format oder gr\u00f6\u00dfer aufgenommen, weil das zu seiner Zeit die beste Bildqulit\u00e4t versprach. Damals ist man allerdings auch noch mit einem Maultier als Gep\u00e4cktransporter durch die Landschaft gezogen, wenn die Exkursion l\u00e4nger dauerte.<\/p>\n<figure id=\"attachment_4253\" aria-describedby=\"caption-attachment-4253\" style=\"width: 2048px\" class=\"wp-caption alignnone\"><a href=\"https:\/\/www.klicklack.de\/wp-content\/uploads\/2025\/10\/DSCF3065.jpg\"><img loading=\"lazy\" decoding=\"async\" class=\"wp-image-4253 size-full\" src=\"https:\/\/www.klicklack.de\/wp-content\/uploads\/2025\/10\/DSCF3065.jpg\" alt=\"\" width=\"2048\" height=\"1365\" srcset=\"https:\/\/www.klicklack.de\/wp-content\/uploads\/2025\/10\/DSCF3065.jpg 2048w, https:\/\/www.klicklack.de\/wp-content\/uploads\/2025\/10\/DSCF3065-300x200.jpg 300w, https:\/\/www.klicklack.de\/wp-content\/uploads\/2025\/10\/DSCF3065-1024x683.jpg 1024w, https:\/\/www.klicklack.de\/wp-content\/uploads\/2025\/10\/DSCF3065-768x512.jpg 768w, https:\/\/www.klicklack.de\/wp-content\/uploads\/2025\/10\/DSCF3065-1536x1024.jpg 1536w\" sizes=\"auto, (max-width: 2048px) 100vw, 2048px\" \/><\/a><figcaption id=\"caption-attachment-4253\" class=\"wp-caption-text\">Eichenlaub. X-T5. Mit dem 1,4\/35. Bl. 11 bei 1\/125stel Sek. ISO 400.<\/figcaption><\/figure>\n<p>Zur Technik: Fujifilm X-T5 als Kamera, das alte XF 1,4\/35 diente als Objektiv und nachgearbeitet wurde wie meistens in Capture One 23.<\/p>\n","protected":false},"excerpt":{"rendered":"<p>Von Fuji wurde eine Art Kompatibilit\u00e4tsliste mit verschiedenen Objektiven, die sich besonders f\u00fcr diese Kamera mit ihrem 40MP-<\/p>\n","protected":false},"author":1,"featured_media":0,"comment_status":"open","ping_status":"open","sticky":false,"template":"","format":"standard","meta":{"footnotes":""},"categories":[1,5,13],"tags":[],"class_list":["post-4247","post","type-post","status-publish","format-standard","hentry","category-uncategorized","category-fototipps","category-fuji-x"],"_links":{"self":[{"href":"https:\/\/www.klicklack.de\/index.php?rest_route=\/wp\/v2\/posts\/4247","targetHints":{"allow":["GET"]}}],"collection":[{"href":"https:\/\/www.klicklack.de\/index.php?rest_route=\/wp\/v2\/posts"}],"about":[{"href":"https:\/\/www.klicklack.de\/index.php?rest_route=\/wp\/v2\/types\/post"}],"author":[{"embeddable":true,"href":"https:\/\/www.klicklack.de\/index.php?rest_route=\/wp\/v2\/users\/1"}],"replies":[{"embeddable":true,"href":"https:\/\/www.klicklack.de\/index.php?rest_route=%2Fwp%2Fv2%2Fcomments&post=4247"}],"version-history":[{"count":4,"href":"https:\/\/www.klicklack.de\/index.php?rest_route=\/wp\/v2\/posts\/4247\/revisions"}],"predecessor-version":[{"id":4255,"href":"https:\/\/www.klicklack.de\/index.php?rest_route=\/wp\/v2\/posts\/4247\/revisions\/4255"}],"wp:attachment":[{"href":"https:\/\/www.klicklack.de\/index.php?rest_route=%2Fwp%2Fv2%2Fmedia&parent=4247"}],"wp:term":[{"taxonomy":"category","embeddable":true,"href":"https:\/\/www.klicklack.de\/index.php?rest_route=%2Fwp%2Fv2%2Fcategories&post=4247"},{"taxonomy":"post_tag","embeddable":true,"href":"https:\/\/www.klicklack.de\/index.php?rest_route=%2Fwp%2Fv2%2Ftags&post=4247"}],"curies":[{"name":"wp","href":"https:\/\/api.w.org\/{rel}","templated":true}]}}