{"id":4124,"date":"2025-09-15T13:29:49","date_gmt":"2025-09-15T11:29:49","guid":{"rendered":"https:\/\/www.klicklack.de\/?p=4124"},"modified":"2025-09-15T14:18:37","modified_gmt":"2025-09-15T12:18:37","slug":"calais-auf-dem-weg-in-die-bretagne","status":"publish","type":"post","link":"https:\/\/www.klicklack.de\/?p=4124","title":{"rendered":"Calais. Auf dem Weg in die Bretagne."},"content":{"rendered":"<figure id=\"attachment_4132\" aria-describedby=\"caption-attachment-4132\" style=\"width: 1961px\" class=\"wp-caption alignnone\"><a href=\"https:\/\/www.klicklack.de\/wp-content\/uploads\/2025\/09\/DSCF2870.jpg\"><img loading=\"lazy\" decoding=\"async\" class=\"size-full wp-image-4132\" src=\"https:\/\/www.klicklack.de\/wp-content\/uploads\/2025\/09\/DSCF2870.jpg\" alt=\"\" width=\"1961\" height=\"1307\" srcset=\"https:\/\/www.klicklack.de\/wp-content\/uploads\/2025\/09\/DSCF2870.jpg 1961w, https:\/\/www.klicklack.de\/wp-content\/uploads\/2025\/09\/DSCF2870-300x200.jpg 300w, https:\/\/www.klicklack.de\/wp-content\/uploads\/2025\/09\/DSCF2870-1024x682.jpg 1024w, https:\/\/www.klicklack.de\/wp-content\/uploads\/2025\/09\/DSCF2870-768x512.jpg 768w, https:\/\/www.klicklack.de\/wp-content\/uploads\/2025\/09\/DSCF2870-1536x1024.jpg 1536w, https:\/\/www.klicklack.de\/wp-content\/uploads\/2025\/09\/DSCF2870-450x300.jpg 450w\" sizes=\"auto, (max-width: 1961px) 100vw, 1961px\" \/><\/a><figcaption id=\"caption-attachment-4132\" class=\"wp-caption-text\">Strand von Calais. T5 m. 18-55, 1\/160stel Sek. Bl. 16, ISO 400.<\/figcaption><\/figure>\n<p>Calais ist als Zwischenstation auf dem Weg zur Bretagne auf jeden Fall interessant, wenn man von Norddeutschland aus dorthin zu reisen gedenkt: Der Weg dahin ist je nach Wohnort relativ kurz und wenn man schonmal da ist, kann man noch ein paar Museen in D\u00fcnkirchen und der Normandie besuchen. Dort war ich zweimal: Einmal, um auf dem Hinweg zu \u00fcbernachten und einmal auf dem R\u00fcckweg, um den dortigen st\u00e4dtischen Campingplatz anzutesten. Und um ein paar Bilder an der Strandpromenade zu machen.<\/p>\n<p>Man sollte aber wissen, dass der Verkehr vor allem in Belgien sehr chaotisch sein kann. Auf der R\u00fcckreise habe ich, allein bis ich Antwerpen passiert hatte, rund sechs Stunden f\u00fcr etwa 220 Km Weg gebraucht. Nachts ist das allerdings nicht so, wie ich von voherigen Touren wei\u00df.<\/p>\n<figure id=\"attachment_4128\" aria-describedby=\"caption-attachment-4128\" style=\"width: 2048px\" class=\"wp-caption alignnone\"><a href=\"https:\/\/www.klicklack.de\/wp-content\/uploads\/2025\/09\/DSCF2899.jpg\"><img loading=\"lazy\" decoding=\"async\" class=\"size-full wp-image-4128\" src=\"https:\/\/www.klicklack.de\/wp-content\/uploads\/2025\/09\/DSCF2899.jpg\" alt=\"\" width=\"2048\" height=\"1365\" srcset=\"https:\/\/www.klicklack.de\/wp-content\/uploads\/2025\/09\/DSCF2899.jpg 2048w, https:\/\/www.klicklack.de\/wp-content\/uploads\/2025\/09\/DSCF2899-300x200.jpg 300w, https:\/\/www.klicklack.de\/wp-content\/uploads\/2025\/09\/DSCF2899-1024x683.jpg 1024w, https:\/\/www.klicklack.de\/wp-content\/uploads\/2025\/09\/DSCF2899-768x512.jpg 768w, https:\/\/www.klicklack.de\/wp-content\/uploads\/2025\/09\/DSCF2899-1536x1024.jpg 1536w, https:\/\/www.klicklack.de\/wp-content\/uploads\/2025\/09\/DSCF2899-450x300.jpg 450w\" sizes=\"auto, (max-width: 2048px) 100vw, 2048px\" \/><\/a><figcaption id=\"caption-attachment-4128\" class=\"wp-caption-text\">Sitzgelegenheit. T5 m. 18+55, 1\/17stel Sek., Bl. 16, ISO 400.<\/figcaption><\/figure>\n<p>Von Calais gehen bekanntlich die meisten F\u00e4hren nach England und der Eurotunnel beginnt auch hier. Die Schiffe kann man sehr sch\u00f6n vom Strand aus beobachten, auch wenn sie eigentlich nicht so interessant sind. Diese Eigenschaft besitzen aber wiederum der Strand und die dazugeh\u00f6rige Promenade, die bis zu einem gewissen Grad recht fotogen sind.<\/p>\n<figure id=\"attachment_4126\" aria-describedby=\"caption-attachment-4126\" style=\"width: 2048px\" class=\"wp-caption alignnone\"><a href=\"https:\/\/www.klicklack.de\/wp-content\/uploads\/2025\/09\/DSCF2859.jpg\"><img loading=\"lazy\" decoding=\"async\" class=\"wp-image-4126 size-full\" src=\"https:\/\/www.klicklack.de\/wp-content\/uploads\/2025\/09\/DSCF2859.jpg\" alt=\"\" width=\"2048\" height=\"1365\" srcset=\"https:\/\/www.klicklack.de\/wp-content\/uploads\/2025\/09\/DSCF2859.jpg 2048w, https:\/\/www.klicklack.de\/wp-content\/uploads\/2025\/09\/DSCF2859-300x200.jpg 300w, https:\/\/www.klicklack.de\/wp-content\/uploads\/2025\/09\/DSCF2859-1024x683.jpg 1024w, https:\/\/www.klicklack.de\/wp-content\/uploads\/2025\/09\/DSCF2859-768x512.jpg 768w, https:\/\/www.klicklack.de\/wp-content\/uploads\/2025\/09\/DSCF2859-1536x1024.jpg 1536w, https:\/\/www.klicklack.de\/wp-content\/uploads\/2025\/09\/DSCF2859-450x300.jpg 450w\" sizes=\"auto, (max-width: 2048px) 100vw, 2048px\" \/><\/a><figcaption id=\"caption-attachment-4126\" class=\"wp-caption-text\">Umkleidekabinen. X-T5 m. 18-55. Bl. 16 bei 1\/300stel Sek. ISO 400.<\/figcaption><\/figure>\n<p>Fangen wir mal mit der ersten \u00dcbernachtung an: Ich bin nachts um drei Uhr dort angekommen. In der Stadt gibt es zwei unmittelbar benachbarte M\u00f6glichkeiten, mit dem Wohnmobil unterzukommen. Einmal dern erw\u00e4hnten Campingplatz und dann noch einen Wohnmobilstellplatz von &#8222;Camping Car Park&#8220;, den ich eigentlich nutzen wollte. Die erste Nacht habe ich allerdings auf einem Parkplatz in der N\u00e4he verbracht, weil der geplante \u00dcbernachtungsplatz schlicht voll war. Dort standen schon etliche Wohnmobile(etwa 50); also gesellte ich mich dazu und n\u00e4chtigte dort. So weit, so gut.<\/p>\n<figure id=\"attachment_4131\" aria-describedby=\"caption-attachment-4131\" style=\"width: 2048px\" class=\"wp-caption alignnone\"><a href=\"https:\/\/www.klicklack.de\/wp-content\/uploads\/2025\/09\/DSCF2913.jpg\"><img loading=\"lazy\" decoding=\"async\" class=\"size-full wp-image-4131\" src=\"https:\/\/www.klicklack.de\/wp-content\/uploads\/2025\/09\/DSCF2913.jpg\" alt=\"\" width=\"2048\" height=\"1365\" srcset=\"https:\/\/www.klicklack.de\/wp-content\/uploads\/2025\/09\/DSCF2913.jpg 2048w, https:\/\/www.klicklack.de\/wp-content\/uploads\/2025\/09\/DSCF2913-300x200.jpg 300w, https:\/\/www.klicklack.de\/wp-content\/uploads\/2025\/09\/DSCF2913-1024x683.jpg 1024w, https:\/\/www.klicklack.de\/wp-content\/uploads\/2025\/09\/DSCF2913-768x512.jpg 768w, https:\/\/www.klicklack.de\/wp-content\/uploads\/2025\/09\/DSCF2913-1536x1024.jpg 1536w, https:\/\/www.klicklack.de\/wp-content\/uploads\/2025\/09\/DSCF2913-450x300.jpg 450w\" sizes=\"auto, (max-width: 2048px) 100vw, 2048px\" \/><\/a><figcaption id=\"caption-attachment-4131\" class=\"wp-caption-text\">Sonnenuntergang1. Mit der Fuji X-T5 und dem 18-55. 1\/750stel Sek. Bl. 13. ISO 400.<\/figcaption><\/figure>\n<p>Nun muss man wissen, dass in Frankreich noch Schulferien gewesen sind. Die Wahrscheinlichkeit, dass es voll ist, war also hoch und zumindest an den ersten Tagen noch sehr hoch. Ab dem letzten Augustwochenende \u00e4nderte sich die Situation allerdings wie \u00fcberall dort deutlich: Am 20.08. war ein Platz von 102 frei; am 29.08.25 waren es dann immerhin rund 20 und am 07.09. waren es am Nachmitag 46 Pl\u00e4tze. F\u00fcr den Moment w\u00fcrde ich davon ausgehen, das das in jedem Jahr ungef\u00e4hr so ist.<\/p>\n<figure id=\"attachment_4130\" aria-describedby=\"caption-attachment-4130\" style=\"width: 2048px\" class=\"wp-caption alignnone\"><a href=\"https:\/\/www.klicklack.de\/wp-content\/uploads\/2025\/09\/DSCF2915.jpg\"><img loading=\"lazy\" decoding=\"async\" class=\"wp-image-4130 size-full\" src=\"https:\/\/www.klicklack.de\/wp-content\/uploads\/2025\/09\/DSCF2915.jpg\" alt=\"\" width=\"2048\" height=\"1365\" srcset=\"https:\/\/www.klicklack.de\/wp-content\/uploads\/2025\/09\/DSCF2915.jpg 2048w, https:\/\/www.klicklack.de\/wp-content\/uploads\/2025\/09\/DSCF2915-300x200.jpg 300w, https:\/\/www.klicklack.de\/wp-content\/uploads\/2025\/09\/DSCF2915-1024x683.jpg 1024w, https:\/\/www.klicklack.de\/wp-content\/uploads\/2025\/09\/DSCF2915-768x512.jpg 768w, https:\/\/www.klicklack.de\/wp-content\/uploads\/2025\/09\/DSCF2915-1536x1024.jpg 1536w, https:\/\/www.klicklack.de\/wp-content\/uploads\/2025\/09\/DSCF2915-450x300.jpg 450w\" sizes=\"auto, (max-width: 2048px) 100vw, 2048px\" \/><\/a><figcaption id=\"caption-attachment-4130\" class=\"wp-caption-text\">Sonnenuntergang die Zwoote. Mit der Fuji X-T5 und dem 18-55. 1\/550stel Sek. Bl. 13. ISO 400.<\/figcaption><\/figure>\n<p>Auf der R\u00fcckreise habe ich mir dann den kommunalen Campingplatz angesehen, weil der neben einer Abstell- und Entsorgungsm\u00f6glichkeit ein Waschhaus bot und sch\u00f6ner angelegt war. Deutlich teurer war es eigentlich auch nicht; der Preis lag bei 22,50 gegen\u00fcber 17,20\u20ac f\u00fcr den Automatenplatz, den man aber auch nachts noch ansteuern kann, wenn denn ein Platz frei ist. Und was noch wichtig ist: Die Automatenpl\u00e4tze sind meistens das ganze Jahr \u00fcber ge\u00f6ffnet, was f\u00fcr die anderen nicht gilt. Die Ver- und Entsorgung des Autos teilen sich \u00fcbrigens beide Pl\u00e4tze.<\/p>\n<figure id=\"attachment_4127\" aria-describedby=\"caption-attachment-4127\" style=\"width: 2048px\" class=\"wp-caption alignnone\"><a href=\"https:\/\/www.klicklack.de\/wp-content\/uploads\/2025\/09\/DSCF2879.jpg\"><img loading=\"lazy\" decoding=\"async\" class=\"size-full wp-image-4127\" src=\"https:\/\/www.klicklack.de\/wp-content\/uploads\/2025\/09\/DSCF2879.jpg\" alt=\"\" width=\"2048\" height=\"1365\" srcset=\"https:\/\/www.klicklack.de\/wp-content\/uploads\/2025\/09\/DSCF2879.jpg 2048w, https:\/\/www.klicklack.de\/wp-content\/uploads\/2025\/09\/DSCF2879-300x200.jpg 300w, https:\/\/www.klicklack.de\/wp-content\/uploads\/2025\/09\/DSCF2879-1024x683.jpg 1024w, https:\/\/www.klicklack.de\/wp-content\/uploads\/2025\/09\/DSCF2879-768x512.jpg 768w, https:\/\/www.klicklack.de\/wp-content\/uploads\/2025\/09\/DSCF2879-1536x1024.jpg 1536w, https:\/\/www.klicklack.de\/wp-content\/uploads\/2025\/09\/DSCF2879-450x300.jpg 450w\" sizes=\"auto, (max-width: 2048px) 100vw, 2048px\" \/><\/a><figcaption id=\"caption-attachment-4127\" class=\"wp-caption-text\">Holzkiste. Mit der Fuji X-T5 und dem 18-55. 1\/150stel Sek. Bl. 16. ISO 400.<\/figcaption><\/figure>\n<p>Strandnah liegen beide Pl\u00e4tze. Man ist zu Fu\u00df in maximal f\u00fcnf Minuten dort. Die Bilder sind abends entstanden und daher muss auch mal was Allt\u00e4gliches gezeigt weden, auf das etliche Mitmenschen stehen: Ein Sonnenuntergang&#8230;<\/p>\n<p>Zum Ger\u00e4t: Fujis X-T5 war dabei im Spiel. Alle Bilder sind mit dem 2,8-4\/18-55 entstanden. Aufgenommen in RAW und Nacharbeit in Capture One 23.<\/p>\n","protected":false},"excerpt":{"rendered":"<p>Calais ist als Zwischenstation auf dem Weg zur Bretagne auf jeden Fall interessant, wenn man von Norddeutschland aus<\/p>\n","protected":false},"author":1,"featured_media":0,"comment_status":"open","ping_status":"open","sticky":false,"template":"","format":"standard","meta":{"footnotes":""},"categories":[1,60,5,17,13,7,61],"tags":[],"class_list":["post-4124","post","type-post","status-publish","format-standard","hentry","category-uncategorized","category-camping","category-fototipps","category-frankreich","category-fuji-x","category-praxis","category-reisetipps"],"_links":{"self":[{"href":"https:\/\/www.klicklack.de\/index.php?rest_route=\/wp\/v2\/posts\/4124","targetHints":{"allow":["GET"]}}],"collection":[{"href":"https:\/\/www.klicklack.de\/index.php?rest_route=\/wp\/v2\/posts"}],"about":[{"href":"https:\/\/www.klicklack.de\/index.php?rest_route=\/wp\/v2\/types\/post"}],"author":[{"embeddable":true,"href":"https:\/\/www.klicklack.de\/index.php?rest_route=\/wp\/v2\/users\/1"}],"replies":[{"embeddable":true,"href":"https:\/\/www.klicklack.de\/index.php?rest_route=%2Fwp%2Fv2%2Fcomments&post=4124"}],"version-history":[{"count":10,"href":"https:\/\/www.klicklack.de\/index.php?rest_route=\/wp\/v2\/posts\/4124\/revisions"}],"predecessor-version":[{"id":4174,"href":"https:\/\/www.klicklack.de\/index.php?rest_route=\/wp\/v2\/posts\/4124\/revisions\/4174"}],"wp:attachment":[{"href":"https:\/\/www.klicklack.de\/index.php?rest_route=%2Fwp%2Fv2%2Fmedia&parent=4124"}],"wp:term":[{"taxonomy":"category","embeddable":true,"href":"https:\/\/www.klicklack.de\/index.php?rest_route=%2Fwp%2Fv2%2Fcategories&post=4124"},{"taxonomy":"post_tag","embeddable":true,"href":"https:\/\/www.klicklack.de\/index.php?rest_route=%2Fwp%2Fv2%2Ftags&post=4124"}],"curies":[{"name":"wp","href":"https:\/\/api.w.org\/{rel}","templated":true}]}}