{"id":2639,"date":"2019-01-23T03:32:36","date_gmt":"2019-01-23T02:32:36","guid":{"rendered":"http:\/\/blog.klicklack.de\/?p=2639"},"modified":"2019-02-04T23:12:57","modified_gmt":"2019-02-04T22:12:57","slug":"die-pentax-645z","status":"publish","type":"post","link":"https:\/\/www.klicklack.de\/?p=2639","title":{"rendered":"Die Pentax 645Z"},"content":{"rendered":"\r\n\r\n\r\n<figure id=\"attachment_2654\" aria-describedby=\"caption-attachment-2654\" style=\"width: 1200px\" class=\"wp-caption alignnone\"><a href=\"http:\/\/blog.klicklack.de\/wp-content\/uploads\/2019\/01\/TSCF2371.jpg\"><img loading=\"lazy\" decoding=\"async\" class=\"size-full wp-image-2654\" src=\"http:\/\/blog.klicklack.de\/wp-content\/uploads\/2019\/01\/TSCF2371.jpg\" alt=\"\" width=\"1200\" height=\"800\" srcset=\"https:\/\/www.klicklack.de\/wp-content\/uploads\/2019\/01\/TSCF2371.jpg 1200w, https:\/\/www.klicklack.de\/wp-content\/uploads\/2019\/01\/TSCF2371-300x200.jpg 300w, https:\/\/www.klicklack.de\/wp-content\/uploads\/2019\/01\/TSCF2371-768x512.jpg 768w, https:\/\/www.klicklack.de\/wp-content\/uploads\/2019\/01\/TSCF2371-1024x683.jpg 1024w, https:\/\/www.klicklack.de\/wp-content\/uploads\/2019\/01\/TSCF2371-450x300.jpg 450w\" sizes=\"auto, (max-width: 1200px) 100vw, 1200px\" \/><\/a><figcaption id=\"caption-attachment-2654\" class=\"wp-caption-text\">Die 645z. Hier mit einem FA 4,5\/45-85mm.<\/figcaption><\/figure>\r\n<p>Ich habe es getan. Seit einiger Zeit kann ich eine Pentax 645Z mein Eigen nennen. Gekauft habe ich sie dieses Mal gebraucht mit sehr wenigen Ausl\u00f6sungen. Der H\u00e4ndler aus Hamburg hat sein Versprechen, dass sie neuwertig ist, also gehalten<\/p>\r\n\r\n\r\n\r\n<p>Besser ist bei ihr im wesentlichen nicht die Aufl\u00f6sung. Der Grund f\u00fcr den Wechsel auf die 645Z liegt im CMOS- Sensor, der deutlich rausch\u00e4rmer ist und in der schnelleren Verarbeitungsgeschwindigkeit der Aufnahmen. Das Tempo einer Nikon D850 erreicht sie zwar nicht, aber im Gegenzug ist so ein System auch nicht so teuer. Und aus meiner Sicht ist die Detaildarstellung mindestens nicht schlechter als bei der 645D, aber deutlich besser als bei den kleineren Formaten, die f\u00fcr die Ausbeutung des Sensors zudem Linsen brauchen, die weitaus anspruchsvoller zu fertigen und teilweise noch gar nicht im Markt sind.<\/p>\r\n<p>Teurer wird das dann auch noch. Man muss schlie\u00dflich nicht nur die Kamera kaufen, sondern auch passendes Glas: Ich habe hier ein 4\/70-200 von Tamron, das in der Presse hoch gelobt wird und auf jeden Fall nicht die Leistung der deutlich \u00e4lteren Pentax- Linsen bietet. Im Vergleich damit macht sich mein Sigma 1:4\/24-105 aus der Art- Serie etwas besser, kommt aber auch nicht an das Mittelformat heran. Zumindest mit meiner D800 haben beide schon richtig zu k\u00e4mpfen. Allerdings hinkt der Vergleich auch ein bisschen. Das Sigma k\u00f6nnte man durch ein stabilisiertes 24-70 von Nikon ersetzen und man k\u00e4me dann schon nah an eine Mittelformatkamera heran. Nur ist man dann nur in der N\u00e4he. Der kleinere Pixelabstand bei kleineren Sensoren verlangt halt finanzielle Opfer. Genauso wie der Qualit\u00e4tsgewinn einer solchen Kamera physische Opfer verlangt: Man muss eben ein bisschen schleppen.<\/p>\r\n\r\n\r\n\r\n<p>Deshalb hier mal die Entscheidungsgrundlagen im Detail:<\/p>\r\n\r\n<ul>\r\n<li>Rauscharmer CMOS-Sensor. Dadurch werden Lowlight- Aufnahmen \u00fcberhaupt erst m\u00f6glich.<\/li>\r\n<li>Die Signalverarbeitung ist deutlich schneller als bei der 645D.<\/li>\r\n<li>Die Speicherkarten lassen sich deutlich schneller beschreiben.<\/li>\r\n<li>Auch diese Kamera ist mit den alten 645-A-Objektiven kompatibel.<\/li>\r\n<li>Einige Tausender billiger als die Umstellung auf eine Fuji GFX.<\/li>\r\n<li>Mit ein paar Objektiven ist eine Fuji GFX trotzdem nicht leichter.<\/li>\r\n<li>Ein Klappdisplay ist zuweilen n\u00fctzlich.<\/li>\r\n<li>Der Preis stimmte.<\/li>\r\n<li>Zubeh\u00f6r wie Reserveakkus ist vorhanden.<\/li>\r\n<\/ul>\r\n\r\n<p>Ein bisschen Extrazubeh\u00f6r war auch noch in der Originalverpackung. Ich habe dort z.B. einen Ersatzakku(Originalteil) vorgefunden und eine Arca-Swiss-Stativplatte lag auch noch darin. Sch\u00f6ne Geste das.<\/p>\r\n\r\n\r\n\r\n<p>Ein bisschen leiser als die 645D ist sie zudem noch. Zudem konnte ich beobachten, dass der Spiegel der Kamera weniger Vibrationen verursacht. Man muss einfach nicht grunds\u00e4tzlich bei jedem Foto vom Stativ mit der Spiegelvorausl\u00f6sung arbeiten. Auch wenn das bei einer Kamera dieser Bauart durchaus anzuraten ist. Das ist aber wiederum auch stativabh\u00e4ngig: Carbon ist deulich leichter als Aluminmium, aber gleichzeitig bei gleicher theoretischer Festigkeit auch etwas vibrationsanf\u00e4lliger. Im Klartext: Mit einem alten Manfrotto 075 braucht man das nicht. Die Massentr\u00e4gheit des Systems schluckt das einfach.\u00a0<\/p>\r\n<p>Jetzt mal Butter bei die Fische. Man will ja wissen, wie Bilder aus dem Ger\u00e4t so aussehen.<\/p>\r\n<figure id=\"attachment_2643\" aria-describedby=\"caption-attachment-2643\" style=\"width: 1050px\" class=\"wp-caption alignnone\"><a href=\"http:\/\/blog.klicklack.de\/wp-content\/uploads\/2019\/01\/IMGZ9758.jpg\"><img loading=\"lazy\" decoding=\"async\" class=\"size-full wp-image-2643\" src=\"http:\/\/blog.klicklack.de\/wp-content\/uploads\/2019\/01\/IMGZ9758.jpg\" alt=\"\" width=\"1050\" height=\"1400\" srcset=\"https:\/\/www.klicklack.de\/wp-content\/uploads\/2019\/01\/IMGZ9758.jpg 1050w, https:\/\/www.klicklack.de\/wp-content\/uploads\/2019\/01\/IMGZ9758-225x300.jpg 225w, https:\/\/www.klicklack.de\/wp-content\/uploads\/2019\/01\/IMGZ9758-768x1024.jpg 768w\" sizes=\"auto, (max-width: 1050px) 100vw, 1050px\" \/><\/a><figcaption id=\"caption-attachment-2643\" class=\"wp-caption-text\">Birken. Mit dem 45-85. Blende 8 bei 1\/250stel Sek. ISO 800.<\/figcaption><\/figure>\r\n<p>Wie man sehen kann, macht sich das in SW schon mal ganz gut. Ein \u00e4hnliches Bild habe ich schon mal mit der 645D und eventuell auch schon mal mit einer Fuji gemacht. Entstanden ist es in Eickenrode.<\/p>\r\n<figure id=\"attachment_2648\" aria-describedby=\"caption-attachment-2648\" style=\"width: 1050px\" class=\"wp-caption alignnone\"><a href=\"http:\/\/blog.klicklack.de\/wp-content\/uploads\/2019\/01\/IMGZ9788.jpg\"><img loading=\"lazy\" decoding=\"async\" class=\"size-full wp-image-2648\" src=\"http:\/\/blog.klicklack.de\/wp-content\/uploads\/2019\/01\/IMGZ9788.jpg\" alt=\"\" width=\"1050\" height=\"1400\" srcset=\"https:\/\/www.klicklack.de\/wp-content\/uploads\/2019\/01\/IMGZ9788.jpg 1050w, https:\/\/www.klicklack.de\/wp-content\/uploads\/2019\/01\/IMGZ9788-225x300.jpg 225w, https:\/\/www.klicklack.de\/wp-content\/uploads\/2019\/01\/IMGZ9788-768x1024.jpg 768w\" sizes=\"auto, (max-width: 1050px) 100vw, 1050px\" \/><\/a><figcaption id=\"caption-attachment-2648\" class=\"wp-caption-text\">Kraftwerk Mehrum. 1\/500stel Sek. bei Blende 8. ISO 800. Mit dem FA 4,5\/45-85 aus der Hand.<\/figcaption><\/figure>\r\n<p>Das Bild des Kraftwerks zeigt eine klassische Gegenlichtsituation. Aus hier wieder mit eher ung\u00fcnstigen 800 ISO aufgenommen, um das Rauschen in den dunklen Partien beurteilen zu k\u00f6nnen. Meiner Ansicht nach ist es in Ordnung. Man hat ja mittlerweile Vergleichsm\u00f6glichkeiten. \u00c4hnliches habe ich auch schon mal mit einer anderen Kamera- Objektivkombination gemacht.<\/p>\r\n<figure id=\"attachment_2647\" aria-describedby=\"caption-attachment-2647\" style=\"width: 1400px\" class=\"wp-caption alignnone\"><a href=\"http:\/\/blog.klicklack.de\/wp-content\/uploads\/2019\/01\/IMGZ9783.jpg\"><img loading=\"lazy\" decoding=\"async\" class=\"size-full wp-image-2647\" src=\"http:\/\/blog.klicklack.de\/wp-content\/uploads\/2019\/01\/IMGZ9783.jpg\" alt=\"\" width=\"1400\" height=\"1050\" srcset=\"https:\/\/www.klicklack.de\/wp-content\/uploads\/2019\/01\/IMGZ9783.jpg 1400w, https:\/\/www.klicklack.de\/wp-content\/uploads\/2019\/01\/IMGZ9783-300x225.jpg 300w, https:\/\/www.klicklack.de\/wp-content\/uploads\/2019\/01\/IMGZ9783-768x576.jpg 768w, https:\/\/www.klicklack.de\/wp-content\/uploads\/2019\/01\/IMGZ9783-1024x768.jpg 1024w, https:\/\/www.klicklack.de\/wp-content\/uploads\/2019\/01\/IMGZ9783-400x300.jpg 400w\" sizes=\"auto, (max-width: 1400px) 100vw, 1400px\" \/><\/a><figcaption id=\"caption-attachment-2647\" class=\"wp-caption-text\">Kraftwerk Mehrum die Zweite. Daten wie im letzten Bild.<\/figcaption><\/figure>\r\n<p>Diese beiden Bilder mussten ein bisschen nachgearbeitet werden. Wer die Kamera in der Hand h\u00e4lt, verkantet schon mal um ein oder zwei Grad.<\/p>\r\n<figure id=\"attachment_2644\" aria-describedby=\"caption-attachment-2644\" style=\"width: 1400px\" class=\"wp-caption alignnone\"><a href=\"http:\/\/blog.klicklack.de\/wp-content\/uploads\/2019\/01\/IMGZ9772.jpg\"><img loading=\"lazy\" decoding=\"async\" class=\"size-full wp-image-2644\" src=\"http:\/\/blog.klicklack.de\/wp-content\/uploads\/2019\/01\/IMGZ9772.jpg\" alt=\"\" width=\"1400\" height=\"1050\" srcset=\"https:\/\/www.klicklack.de\/wp-content\/uploads\/2019\/01\/IMGZ9772.jpg 1400w, https:\/\/www.klicklack.de\/wp-content\/uploads\/2019\/01\/IMGZ9772-300x225.jpg 300w, https:\/\/www.klicklack.de\/wp-content\/uploads\/2019\/01\/IMGZ9772-768x576.jpg 768w, https:\/\/www.klicklack.de\/wp-content\/uploads\/2019\/01\/IMGZ9772-1024x768.jpg 1024w, https:\/\/www.klicklack.de\/wp-content\/uploads\/2019\/01\/IMGZ9772-400x300.jpg 400w\" sizes=\"auto, (max-width: 1400px) 100vw, 1400px\" \/><\/a><figcaption id=\"caption-attachment-2644\" class=\"wp-caption-text\">Feldweg im Winter. Was f\u00fcr ein Titel&#8230; 1\/160stel Sek. bei Blende 10. ISO 800. Mit dem 4,5\/45-85.<\/figcaption><\/figure>\r\n<p>&#8230;und das Gleiche nochmal im Hochformat:<\/p>\r\n<figure id=\"attachment_2645\" aria-describedby=\"caption-attachment-2645\" style=\"width: 1050px\" class=\"wp-caption alignnone\"><a href=\"http:\/\/blog.klicklack.de\/wp-content\/uploads\/2019\/01\/IMGZ9774.jpg\"><img loading=\"lazy\" decoding=\"async\" class=\"size-full wp-image-2645\" src=\"http:\/\/blog.klicklack.de\/wp-content\/uploads\/2019\/01\/IMGZ9774.jpg\" alt=\"\" width=\"1050\" height=\"1400\" srcset=\"https:\/\/www.klicklack.de\/wp-content\/uploads\/2019\/01\/IMGZ9774.jpg 1050w, https:\/\/www.klicklack.de\/wp-content\/uploads\/2019\/01\/IMGZ9774-225x300.jpg 225w, https:\/\/www.klicklack.de\/wp-content\/uploads\/2019\/01\/IMGZ9774-768x1024.jpg 768w\" sizes=\"auto, (max-width: 1050px) 100vw, 1050px\" \/><\/a><figcaption id=\"caption-attachment-2645\" class=\"wp-caption-text\">Feldweg im Winter im Hochformat. 1\/200stel Sek. bei Blende 10. ISO 800. Mit dem 4,5\/45-85.<\/figcaption><\/figure>\r\n<p>Der zweite Feldweg hat eine etwas andere Belichtungszeit. Es war fr\u00fch am Abend und die Lichtverh\u00e4ltnisse k\u00f6nnen schon mal schnell wechseln.<\/p>\r\n<p>Hier noch mal ein paar technische Details: Aufgenommen wurde alles aus der Hand ohne Stativ mit einer Pentax 645Z. Nachgearbeitet und verkleinert wurde alles in Lightroom. Man muss halt immer noch mal ein bisschen eingreifen.<\/p>\r\n<p>&nbsp;<\/p>\r\n<p>&nbsp;<\/p>\r\n","protected":false},"excerpt":{"rendered":"<p>Ich habe es getan. Seit einiger Zeit kann ich eine Pentax 645Z mein Eigen nennen. Gekauft habe ich<\/p>\n","protected":false},"author":1,"featured_media":0,"comment_status":"open","ping_status":"open","sticky":false,"template":"","format":"standard","meta":{"footnotes":""},"categories":[1,5,16,22],"tags":[],"class_list":["post-2639","post","type-post","status-publish","format-standard","hentry","category-uncategorized","category-fototipps","category-pentax-645","category-pentax-645z"],"_links":{"self":[{"href":"https:\/\/www.klicklack.de\/index.php?rest_route=\/wp\/v2\/posts\/2639","targetHints":{"allow":["GET"]}}],"collection":[{"href":"https:\/\/www.klicklack.de\/index.php?rest_route=\/wp\/v2\/posts"}],"about":[{"href":"https:\/\/www.klicklack.de\/index.php?rest_route=\/wp\/v2\/types\/post"}],"author":[{"embeddable":true,"href":"https:\/\/www.klicklack.de\/index.php?rest_route=\/wp\/v2\/users\/1"}],"replies":[{"embeddable":true,"href":"https:\/\/www.klicklack.de\/index.php?rest_route=%2Fwp%2Fv2%2Fcomments&post=2639"}],"version-history":[{"count":17,"href":"https:\/\/www.klicklack.de\/index.php?rest_route=\/wp\/v2\/posts\/2639\/revisions"}],"predecessor-version":[{"id":2679,"href":"https:\/\/www.klicklack.de\/index.php?rest_route=\/wp\/v2\/posts\/2639\/revisions\/2679"}],"wp:attachment":[{"href":"https:\/\/www.klicklack.de\/index.php?rest_route=%2Fwp%2Fv2%2Fmedia&parent=2639"}],"wp:term":[{"taxonomy":"category","embeddable":true,"href":"https:\/\/www.klicklack.de\/index.php?rest_route=%2Fwp%2Fv2%2Fcategories&post=2639"},{"taxonomy":"post_tag","embeddable":true,"href":"https:\/\/www.klicklack.de\/index.php?rest_route=%2Fwp%2Fv2%2Ftags&post=2639"}],"curies":[{"name":"wp","href":"https:\/\/api.w.org\/{rel}","templated":true}]}}