{"id":1942,"date":"2017-01-27T15:00:32","date_gmt":"2017-01-27T14:00:32","guid":{"rendered":"https:\/\/blog.klicklack.de\/?p=1942"},"modified":"2017-02-28T01:49:23","modified_gmt":"2017-02-28T00:49:23","slug":"mal-drausen-mit-der-645d","status":"publish","type":"post","link":"https:\/\/www.klicklack.de\/?p=1942","title":{"rendered":"Mal drau\u00dfen mit der 645D"},"content":{"rendered":"<figure id=\"attachment_1943\" aria-describedby=\"caption-attachment-1943\" style=\"width: 599px\" class=\"wp-caption alignnone\"><a href=\"https:\/\/blog.klicklack.de\/wp-content\/uploads\/2017\/01\/IMGP0653.jpg\"><img loading=\"lazy\" decoding=\"async\" class=\"size-full wp-image-1943\" title=\"IMGP0653\" src=\"https:\/\/blog.klicklack.de\/wp-content\/uploads\/2017\/01\/IMGP0653.jpg\" alt=\"\" width=\"599\" height=\"800\" srcset=\"https:\/\/www.klicklack.de\/wp-content\/uploads\/2017\/01\/IMGP0653.jpg 599w, https:\/\/www.klicklack.de\/wp-content\/uploads\/2017\/01\/IMGP0653-224x300.jpg 224w\" sizes=\"auto, (max-width: 599px) 100vw, 599px\" \/><\/a><figcaption id=\"caption-attachment-1943\" class=\"wp-caption-text\">Baum, was sonst. ISO 800, 1\/160stel bei Blende 6,3; Brennweite 75mm<\/figcaption><\/figure>\n<p>Nach einem Arbeitsunfall mit einer h\u00e4sslichen Verletzung des linken Ellenbogens und einer gewissen Rekonvaleszenzzeit hat sich bei der Pentax noch ein anderer Aspekt f\u00fcr mich als wichtig herauskristallisiert. Ich habe zu meiner \u00dcberraschung festgestellt, dass sie sich zusammen mit dem 45-85 ganz hervorragend als Trainingsger\u00e4t eignet, sobald man von der eigentlichen Physiotherapie in die Ergotherapie \u00fcbergeht. Das findet normalerweise statt, wenn die (in meinem Fall operierte) Bruchstelle soweit wieder verheilt ist, dass man sie belasten kann. In solchen F\u00e4llen kommt es trotzdem vor, dass es Schmerzen gibt, wenn man beginnt, den noch steifen Ellenbogen wieder zu belasten. Dank ihres Handgriffes kann man diese Belastung sehr gut verteilen: Die intakte rechte Hand h\u00e4lt die Kamera und die Linke zoomt und dient bis in den Schmerzbereich hinein als St\u00fctze. Als ich meinen durchaus besorgten Arzt \u00fcber dieses eigenartige Hanteltraining informierte stand dem guten Mann im Anbetracht des erw\u00e4hnten Gewichts dieser Kombination die Angst im Gesicht. Wie sich bei der R\u00f6ntgenkontrolle herausgestellt hat, waren die \u00c4ngste unbegr\u00fcndet und mein durchaus vorsichtiger Ansatz richtig. Das ist aber nur zu empfehlen, wenn man wirklich planvoll vorgeht und zuf\u00e4llig so eine Kamera im Besitz hat.<\/p>\n<p>Abgesehen davon: Ich konnte einige Bilder machen und danach auch noch schmerzfrei mit dem Auto nach Hannover reiten und meinem Stammh\u00e4ndler einen Besuch abstatten, um zu sehen, was es Neues und eventuell Interessantes im Sortiment gibt. Shoppen bedeutet ja nicht, dass man gleich noch mal einen Tausender im Laden l\u00e4sst&#8230;<\/p>\n<p>Wie immer, wenn ich etwas neu starte, suche ich zuerst mal einen Park in der N\u00e4he meines Wohnortes auf und suche dort nach Motiven. Dieses Mal musste ein Baum herhalten, der gerade im richtigen Licht stand.<\/p>\n<figure id=\"attachment_1944\" aria-describedby=\"caption-attachment-1944\" style=\"width: 599px\" class=\"wp-caption alignnone\"><a href=\"https:\/\/blog.klicklack.de\/wp-content\/uploads\/2017\/01\/IMGP0649.jpg\"><img loading=\"lazy\" decoding=\"async\" class=\"size-full wp-image-1944\" title=\"IMGP0649\" src=\"https:\/\/blog.klicklack.de\/wp-content\/uploads\/2017\/01\/IMGP0649.jpg\" alt=\"\" width=\"599\" height=\"800\" srcset=\"https:\/\/www.klicklack.de\/wp-content\/uploads\/2017\/01\/IMGP0649.jpg 599w, https:\/\/www.klicklack.de\/wp-content\/uploads\/2017\/01\/IMGP0649-224x300.jpg 224w\" sizes=\"auto, (max-width: 599px) 100vw, 599px\" \/><\/a><figcaption id=\"caption-attachment-1944\" class=\"wp-caption-text\">Der selbe Baum. 1\/125stel bei Blende 8. ISO 800. 85mm Brennweite.<\/figcaption><\/figure>\n<p>Das Wetter war sch\u00f6n; die typische und seltene Wintersonne schien auch mal und daher konnte man das Wetter auch ein bisschen genie\u00dfen. Kalt war&#8217;s aber trotzdem noch.<\/p>\n<figure id=\"attachment_1945\" aria-describedby=\"caption-attachment-1945\" style=\"width: 599px\" class=\"wp-caption alignnone\"><a href=\"https:\/\/blog.klicklack.de\/wp-content\/uploads\/2017\/01\/IMGP0646.jpg\"><img loading=\"lazy\" decoding=\"async\" class=\"size-full wp-image-1945\" title=\"IMGP0646\" src=\"https:\/\/blog.klicklack.de\/wp-content\/uploads\/2017\/01\/IMGP0646.jpg\" alt=\"\" width=\"599\" height=\"800\" srcset=\"https:\/\/www.klicklack.de\/wp-content\/uploads\/2017\/01\/IMGP0646.jpg 599w, https:\/\/www.klicklack.de\/wp-content\/uploads\/2017\/01\/IMGP0646-224x300.jpg 224w\" sizes=\"auto, (max-width: 599px) 100vw, 599px\" \/><\/a><figcaption id=\"caption-attachment-1945\" class=\"wp-caption-text\">Immer noch derselbe&#8230; Auch hier ISO 800 und 1\/125stel bei Blende 8.<\/figcaption><\/figure>\n<p>Man sieht hier Bereits: &#8222;Sone lacht, Blende Acht.&#8220; Zumindest, wenn man an der Lichtempfindlichkeit noch ein bisschen schrauben kann. Wer mag, kann ja rechnen und stellt fest, dass man bei ISO 100 schon bei der F\u00fcnfzehntel liegen und ein Stativ brauchen w\u00fcrde. In Gro\u00dfformat w\u00e4re das schon eine ganze Sekunde, weil man noch weiter abblenden m\u00fcsste.<\/p>\n<figure id=\"attachment_1946\" aria-describedby=\"caption-attachment-1946\" style=\"width: 1068px\" class=\"wp-caption alignnone\"><a href=\"https:\/\/blog.klicklack.de\/wp-content\/uploads\/2017\/01\/IMGP0640.jpg\"><img loading=\"lazy\" decoding=\"async\" class=\"size-full wp-image-1946\" title=\"IMGP0640\" src=\"https:\/\/blog.klicklack.de\/wp-content\/uploads\/2017\/01\/IMGP0640.jpg\" alt=\"\" width=\"1068\" height=\"800\" srcset=\"https:\/\/www.klicklack.de\/wp-content\/uploads\/2017\/01\/IMGP0640.jpg 1068w, https:\/\/www.klicklack.de\/wp-content\/uploads\/2017\/01\/IMGP0640-300x224.jpg 300w, https:\/\/www.klicklack.de\/wp-content\/uploads\/2017\/01\/IMGP0640-1024x767.jpg 1024w, https:\/\/www.klicklack.de\/wp-content\/uploads\/2017\/01\/IMGP0640-400x300.jpg 400w\" sizes=\"auto, (max-width: 1068px) 100vw, 1068px\" \/><\/a><figcaption id=\"caption-attachment-1946\" class=\"wp-caption-text\">Nat\u00fcrlich ist das immer noch derselbe Baum&#8230; 1\/12stel bei Blende 6,3. ISO 800.<\/figcaption><\/figure>\n<p>Was die technische Seite angeht: Wie in den Bildunterschriften zu sehen ist, stand die Kamera auf ISO 800. Die Bilder rauschen trotzdem nicht. Aufgenommen wurde im DNG-Format, gewandelt in Lightroom. Ein bisschen Schrauben an den Schw\u00e4rzen ist f\u00fcr mich Pflicht, weil das Ganze sonst zu grau erscheint; die Mikrokontraste sind ein bisschen nachgearbeitet, um mehr Leuchtkraft zu bekommen. Benutzt habe ich die Programmautomatik und die dazu geh\u00f6rige Shiftfunktion.<\/p>\n<p>\u00dcbrigens liegt die Kamera trotz ihrer Gr\u00f6\u00dfe und ihres nicht unerheblichen Gewichts sehr ruhig in der Hand. Einige Aufnahmen habe ich auch noch mit l\u00e4ngeren Zeiten gemacht und auch die waren meistens scharf: Eine von 25 Aufnahmen war aber trotzdem verwackelt. Allerdings hatten sie gewisse gestalterische M\u00e4ngel, was auch der Grund ist, warum sie hier nicht zu sehen sind. Es war allerdings auch die erste Freiluft\u00fcbung damit.<\/p>\n<p>&nbsp;<\/p>\n","protected":false},"excerpt":{"rendered":"<p>Nach einem Arbeitsunfall mit einer h\u00e4sslichen Verletzung des linken Ellenbogens und einer gewissen Rekonvaleszenzzeit hat sich bei der<\/p>\n","protected":false},"author":1,"featured_media":0,"comment_status":"open","ping_status":"open","sticky":false,"template":"","format":"standard","meta":{"footnotes":""},"categories":[1,16,7],"tags":[],"class_list":["post-1942","post","type-post","status-publish","format-standard","hentry","category-uncategorized","category-pentax-645","category-praxis"],"_links":{"self":[{"href":"https:\/\/www.klicklack.de\/index.php?rest_route=\/wp\/v2\/posts\/1942","targetHints":{"allow":["GET"]}}],"collection":[{"href":"https:\/\/www.klicklack.de\/index.php?rest_route=\/wp\/v2\/posts"}],"about":[{"href":"https:\/\/www.klicklack.de\/index.php?rest_route=\/wp\/v2\/types\/post"}],"author":[{"embeddable":true,"href":"https:\/\/www.klicklack.de\/index.php?rest_route=\/wp\/v2\/users\/1"}],"replies":[{"embeddable":true,"href":"https:\/\/www.klicklack.de\/index.php?rest_route=%2Fwp%2Fv2%2Fcomments&post=1942"}],"version-history":[{"count":6,"href":"https:\/\/www.klicklack.de\/index.php?rest_route=\/wp\/v2\/posts\/1942\/revisions"}],"predecessor-version":[{"id":4503,"href":"https:\/\/www.klicklack.de\/index.php?rest_route=\/wp\/v2\/posts\/1942\/revisions\/4503"}],"wp:attachment":[{"href":"https:\/\/www.klicklack.de\/index.php?rest_route=%2Fwp%2Fv2%2Fmedia&parent=1942"}],"wp:term":[{"taxonomy":"category","embeddable":true,"href":"https:\/\/www.klicklack.de\/index.php?rest_route=%2Fwp%2Fv2%2Fcategories&post=1942"},{"taxonomy":"post_tag","embeddable":true,"href":"https:\/\/www.klicklack.de\/index.php?rest_route=%2Fwp%2Fv2%2Ftags&post=1942"}],"curies":[{"name":"wp","href":"https:\/\/api.w.org\/{rel}","templated":true}]}}