{"id":193,"date":"2012-12-27T21:11:32","date_gmt":"2012-12-27T21:11:32","guid":{"rendered":"https:\/\/blog.klicklack.de\/?p=193"},"modified":"2012-12-27T21:22:03","modified_gmt":"2012-12-27T21:22:03","slug":"zuwachs-von-canon","status":"publish","type":"post","link":"https:\/\/www.klicklack.de\/?p=193","title":{"rendered":"Zuwachs von Canon"},"content":{"rendered":"<p>Heute war Shopping angesagt: Ich suchte ein verwendbaes, lichtstarkes 50er. Geworden ist es ein Canon, das noch in diesem Monat seinen ersten produktiven Einsatz erleben wird. Wer sich daf\u00fcr interessiert: Es handelt sich um die Veranstaltung einer Drumschool, die in meinem Heimatort Knesebeck stattfinden wird. Infos gibt es unter:<a href=\"http:\/\/www.drumthunder-berlin.de\/\">\u00a0 http:\/\/www.drumthunder-berlin.de \u00a0<\/a><\/p>\n<p>Zum Warmwerden gibt es hier mal wieder einige Testfotos, wiederum aus der Fu\u00dfg\u00e4ngerzone in Hannovers Innenstadt. Nat\u00fcrlich im Dunkel des n\u00e4chtlichen Dezembers aufgenommen. Das erste ist eine Ansicht der Filliale eines gro\u00dfen Autovermieters.<\/p>\n<figure id=\"attachment_194\" aria-describedby=\"caption-attachment-194\" style=\"width: 1000px\" class=\"wp-caption alignnone\"><a href=\"https:\/\/blog.klicklack.de\/wp-content\/uploads\/2012\/12\/IMG_2235.jpg\"><img loading=\"lazy\" decoding=\"async\" class=\"size-full wp-image-194\" title=\"IMG_2235\" src=\"https:\/\/blog.klicklack.de\/wp-content\/uploads\/2012\/12\/IMG_2235.jpg\" alt=\"\" width=\"1000\" height=\"761\" srcset=\"https:\/\/www.klicklack.de\/wp-content\/uploads\/2012\/12\/IMG_2235.jpg 1000w, https:\/\/www.klicklack.de\/wp-content\/uploads\/2012\/12\/IMG_2235-300x228.jpg 300w, https:\/\/www.klicklack.de\/wp-content\/uploads\/2012\/12\/IMG_2235-394x300.jpg 394w\" sizes=\"auto, (max-width: 1000px) 100vw, 1000px\" \/><\/a><figcaption id=\"caption-attachment-194\" class=\"wp-caption-text\">Ladenansicht. Blende 2,0 bei 1\/665stel Sek.<\/figcaption><\/figure>\n<p>Das ist ja so schon mal nicht schlecht, immerhin ist das das erste Foto mit der Neuerwerbung. Mal sehen, wie das Opernhaus im Dunkeln so aussieht. Auch hier in Farbe und etwa Bild Nummer drei&#8230;<\/p>\n<figure id=\"attachment_195\" aria-describedby=\"caption-attachment-195\" style=\"width: 1000px\" class=\"wp-caption alignnone\"><a href=\"https:\/\/blog.klicklack.de\/wp-content\/uploads\/2012\/12\/IMG_2237.jpg\"><img loading=\"lazy\" decoding=\"async\" class=\"size-full wp-image-195\" title=\"IMG_2237\" src=\"https:\/\/blog.klicklack.de\/wp-content\/uploads\/2012\/12\/IMG_2237.jpg\" alt=\"\" width=\"1000\" height=\"667\" srcset=\"https:\/\/www.klicklack.de\/wp-content\/uploads\/2012\/12\/IMG_2237.jpg 1000w, https:\/\/www.klicklack.de\/wp-content\/uploads\/2012\/12\/IMG_2237-300x200.jpg 300w, https:\/\/www.klicklack.de\/wp-content\/uploads\/2012\/12\/IMG_2237-449x300.jpg 449w\" sizes=\"auto, (max-width: 1000px) 100vw, 1000px\" \/><\/a><figcaption id=\"caption-attachment-195\" class=\"wp-caption-text\">Opernhaus Hannover. 1\/99stel Sek. bei Blende 2,0<\/figcaption><\/figure>\n<p>Das sieht immer noch gut aus, auch in voller Sch\u00f6nheit auf dem Rechner. Man sollte immerhin bedenken, dass auf dem Opernplatz praktisch nur die Stra\u00dfenbeleuchtung Licht geliefert hat. Nummer drei ist etwas abstrakter und in Schwarzwei\u00df:<\/p>\n<figure id=\"attachment_196\" aria-describedby=\"caption-attachment-196\" style=\"width: 1000px\" class=\"wp-caption alignnone\"><a href=\"https:\/\/blog.klicklack.de\/wp-content\/uploads\/2012\/12\/IMG_2239.jpg\"><img loading=\"lazy\" decoding=\"async\" class=\"size-full wp-image-196\" title=\"IMG_2239\" src=\"https:\/\/blog.klicklack.de\/wp-content\/uploads\/2012\/12\/IMG_2239.jpg\" alt=\"\" width=\"1000\" height=\"667\" srcset=\"https:\/\/www.klicklack.de\/wp-content\/uploads\/2012\/12\/IMG_2239.jpg 1000w, https:\/\/www.klicklack.de\/wp-content\/uploads\/2012\/12\/IMG_2239-300x200.jpg 300w, https:\/\/www.klicklack.de\/wp-content\/uploads\/2012\/12\/IMG_2239-449x300.jpg 449w\" sizes=\"auto, (max-width: 1000px) 100vw, 1000px\" \/><\/a><figcaption id=\"caption-attachment-196\" class=\"wp-caption-text\">Rolltreppe in der Georgstra\u00dfe, f\u00fchrt zur U-Bahn. Hier in Schwarzwei\u00df. Blende 2 bei 1\/125stel Sek.<\/figcaption><\/figure>\n<p>Wie man sieht, liefert nicht\u00a0 nur die Leica sch\u00f6ne Schwarzwei\u00dfsachen, die Canon Eos 5D2 ist da ebenfalls nicht schlecht. Gleich nochmal einen hinterher, eine Schaufensterpuppe:<\/p>\n<figure id=\"attachment_197\" aria-describedby=\"caption-attachment-197\" style=\"width: 667px\" class=\"wp-caption alignnone\"><a href=\"https:\/\/blog.klicklack.de\/wp-content\/uploads\/2012\/12\/IMG_2238.jpg\"><img loading=\"lazy\" decoding=\"async\" class=\"size-full wp-image-197\" title=\"IMG_2238\" src=\"https:\/\/blog.klicklack.de\/wp-content\/uploads\/2012\/12\/IMG_2238.jpg\" alt=\"\" width=\"667\" height=\"1001\" srcset=\"https:\/\/www.klicklack.de\/wp-content\/uploads\/2012\/12\/IMG_2238.jpg 667w, https:\/\/www.klicklack.de\/wp-content\/uploads\/2012\/12\/IMG_2238-199x300.jpg 199w\" sizes=\"auto, (max-width: 667px) 100vw, 667px\" \/><\/a><figcaption id=\"caption-attachment-197\" class=\"wp-caption-text\">Schaufensterpuppe, Blende 2, 1\/1000stel Sek.<\/figcaption><\/figure>\n<p>Es ist schon fantastisch, wie kurz die Verschlusszeiten mit guten Optiken werden. Man kann nicht immer ein Stativ mitnehmen, aber mit entsprechend hoch eingestellter Empfindlichkeit und einer geeigneten Kamera geht schon eine Menge. Die n\u00e4chste Werbung ist ebenfalls nett anzuschauen, auch und gerade ohne Farben.<\/p>\n<figure id=\"attachment_198\" aria-describedby=\"caption-attachment-198\" style=\"width: 1000px\" class=\"wp-caption alignnone\"><a href=\"https:\/\/blog.klicklack.de\/wp-content\/uploads\/2012\/12\/IMG_2240.jpg\"><img loading=\"lazy\" decoding=\"async\" class=\"size-full wp-image-198\" title=\"IMG_2240\" src=\"https:\/\/blog.klicklack.de\/wp-content\/uploads\/2012\/12\/IMG_2240.jpg\" alt=\"\" width=\"1000\" height=\"667\" srcset=\"https:\/\/www.klicklack.de\/wp-content\/uploads\/2012\/12\/IMG_2240.jpg 1000w, https:\/\/www.klicklack.de\/wp-content\/uploads\/2012\/12\/IMG_2240-300x200.jpg 300w, https:\/\/www.klicklack.de\/wp-content\/uploads\/2012\/12\/IMG_2240-449x300.jpg 449w\" sizes=\"auto, (max-width: 1000px) 100vw, 1000px\" \/><\/a><figcaption id=\"caption-attachment-198\" class=\"wp-caption-text\">Leuchtreklame \u00fcber Kaffeeladen. Blende 2, 1\/2656stel Sek.<\/figcaption><\/figure>\n<p>Unter meinen bisherigen Available- Light- Bildern ist das der Rekordhalter. Die Aufnahmedaten stehen in der Bildunterschrift&#8230;<\/p>\n<p>Schaufenster sind immer interessant; hier ist ein Beispiel daf\u00fcr, wie man es nicht machen sollte:<\/p>\n<figure id=\"attachment_199\" aria-describedby=\"caption-attachment-199\" style=\"width: 1000px\" class=\"wp-caption alignnone\"><a href=\"https:\/\/blog.klicklack.de\/wp-content\/uploads\/2012\/12\/IMG_2244.jpg\"><img loading=\"lazy\" decoding=\"async\" class=\"size-full wp-image-199\" title=\"IMG_2244\" src=\"https:\/\/blog.klicklack.de\/wp-content\/uploads\/2012\/12\/IMG_2244.jpg\" alt=\"\" width=\"1000\" height=\"667\" srcset=\"https:\/\/www.klicklack.de\/wp-content\/uploads\/2012\/12\/IMG_2244.jpg 1000w, https:\/\/www.klicklack.de\/wp-content\/uploads\/2012\/12\/IMG_2244-300x200.jpg 300w, https:\/\/www.klicklack.de\/wp-content\/uploads\/2012\/12\/IMG_2244-449x300.jpg 449w\" sizes=\"auto, (max-width: 1000px) 100vw, 1000px\" \/><\/a><figcaption id=\"caption-attachment-199\" class=\"wp-caption-text\">Schaufenster. Blende 2, 1\/2048stel Sek.<\/figcaption><\/figure>\n<p>Wie man erkennen kann, sind die Artikel auf dem Bild unterbelichtet. Hier bleibt ohne Blitz eigentlich nur die Wahl zwischen \u00fcberstrahltem Hintergrund oder unterbelichtetem Hauptmotiv.<\/p>\n<p>Interssant ist auch eine Baustelle auf dem Georgsplatz: Dort ist man gerade dabei, einen etwas weniger sch\u00f6nen Betonbau aus den 1970er zu sanieren und umzubauen. Der hier ist in Schwarzwei\u00df :<\/p>\n<figure id=\"attachment_200\" aria-describedby=\"caption-attachment-200\" style=\"width: 1000px\" class=\"wp-caption alignnone\"><a href=\"https:\/\/blog.klicklack.de\/wp-content\/uploads\/2012\/12\/IMG_2242.jpg\"><img loading=\"lazy\" decoding=\"async\" class=\"size-full wp-image-200\" title=\"IMG_2242\" src=\"https:\/\/blog.klicklack.de\/wp-content\/uploads\/2012\/12\/IMG_2242.jpg\" alt=\"\" width=\"1000\" height=\"667\" srcset=\"https:\/\/www.klicklack.de\/wp-content\/uploads\/2012\/12\/IMG_2242.jpg 1000w, https:\/\/www.klicklack.de\/wp-content\/uploads\/2012\/12\/IMG_2242-300x200.jpg 300w, https:\/\/www.klicklack.de\/wp-content\/uploads\/2012\/12\/IMG_2242-449x300.jpg 449w\" sizes=\"auto, (max-width: 1000px) 100vw, 1000px\" \/><\/a><figcaption id=\"caption-attachment-200\" class=\"wp-caption-text\">Bauger\u00fcst am Georgsplatz.Blende 1,4 bei 1\/80stel Sek.<\/figcaption><\/figure>\n<p>So ein Ger\u00fcst ist gerade im Dunkeln sehr interessant, weil ich glaube, dass die tragenden Strukturen des Ger\u00fcstes besonders betont werden und das Bild hier dichter und zudem verwirrender wirkt.<\/p>\n<p>Eine Stra\u00dfenansicht: Das Licht war sehr hell und die Kontraste gut. Man kann nat\u00fcrlich auch hier noch die Weihnachtsbeleuchtung sehen.<\/p>\n<figure id=\"attachment_201\" aria-describedby=\"caption-attachment-201\" style=\"width: 1000px\" class=\"wp-caption alignnone\"><a href=\"https:\/\/blog.klicklack.de\/wp-content\/uploads\/2012\/12\/IMG_2251.jpg\"><img loading=\"lazy\" decoding=\"async\" class=\"size-full wp-image-201\" title=\"IMG_2251\" src=\"https:\/\/blog.klicklack.de\/wp-content\/uploads\/2012\/12\/IMG_2251.jpg\" alt=\"\" width=\"1000\" height=\"667\" srcset=\"https:\/\/www.klicklack.de\/wp-content\/uploads\/2012\/12\/IMG_2251.jpg 1000w, https:\/\/www.klicklack.de\/wp-content\/uploads\/2012\/12\/IMG_2251-300x200.jpg 300w, https:\/\/www.klicklack.de\/wp-content\/uploads\/2012\/12\/IMG_2251-449x300.jpg 449w\" sizes=\"auto, (max-width: 1000px) 100vw, 1000px\" \/><\/a><figcaption id=\"caption-attachment-201\" class=\"wp-caption-text\">Strassenansicht. Blende 2.0, 1\/166stel Sek.<\/figcaption><\/figure>\n<p>Der vorletzte Schuss von heute stammt aus dem Restaurantpavillon auf dem Kr\u00f6pke.<\/p>\n<figure id=\"attachment_202\" aria-describedby=\"caption-attachment-202\" style=\"width: 667px\" class=\"wp-caption alignnone\"><a href=\"https:\/\/blog.klicklack.de\/wp-content\/uploads\/2012\/12\/IMG_2246.jpg\"><img loading=\"lazy\" decoding=\"async\" class=\"size-full wp-image-202\" title=\"IMG_2246\" src=\"https:\/\/blog.klicklack.de\/wp-content\/uploads\/2012\/12\/IMG_2246.jpg\" alt=\"\" width=\"667\" height=\"1001\" srcset=\"https:\/\/www.klicklack.de\/wp-content\/uploads\/2012\/12\/IMG_2246.jpg 667w, https:\/\/www.klicklack.de\/wp-content\/uploads\/2012\/12\/IMG_2246-199x300.jpg 199w\" sizes=\"auto, (max-width: 667px) 100vw, 667px\" \/><\/a><figcaption id=\"caption-attachment-202\" class=\"wp-caption-text\">S\u00e4ulenkonstruktion. Blende 2, 1\/197stel Sek.<\/figcaption><\/figure>\n<p>&#8230;und der letze stammt ebenfalls von dort. Diesmal eine \u00fcberdimensionierte Weihnachtskrippe, die nichts anderes ist, als ein gro\u00dfer Grillstand:<\/p>\n<figure id=\"attachment_203\" aria-describedby=\"caption-attachment-203\" style=\"width: 667px\" class=\"wp-caption alignnone\"><a href=\"https:\/\/blog.klicklack.de\/wp-content\/uploads\/2012\/12\/IMG_2250.jpg\"><img loading=\"lazy\" decoding=\"async\" class=\"size-full wp-image-203\" title=\"IMG_2250\" src=\"https:\/\/blog.klicklack.de\/wp-content\/uploads\/2012\/12\/IMG_2250.jpg\" alt=\"\" width=\"667\" height=\"1001\" srcset=\"https:\/\/www.klicklack.de\/wp-content\/uploads\/2012\/12\/IMG_2250.jpg 667w, https:\/\/www.klicklack.de\/wp-content\/uploads\/2012\/12\/IMG_2250-199x300.jpg 199w\" sizes=\"auto, (max-width: 667px) 100vw, 667px\" \/><\/a><figcaption id=\"caption-attachment-203\" class=\"wp-caption-text\">W\u00fcrtchenstand. Blende 2, 1\/256stel Sek.<\/figcaption><\/figure>\n<p>Wo wir gerade bei den letzten Bildern sind: Der allerletzte Schuss, also der nach dem Letzten&#8230;.<\/p>\n<p>&#8230;zeigt zwei fliegende W\u00fcrstchenverk\u00e4ufer auf der Georgstra\u00dfe.<\/p>\n<figure id=\"attachment_204\" aria-describedby=\"caption-attachment-204\" style=\"width: 1000px\" class=\"wp-caption alignnone\"><a href=\"https:\/\/blog.klicklack.de\/wp-content\/uploads\/2012\/12\/IMG_2257.jpg\"><img loading=\"lazy\" decoding=\"async\" class=\"size-full wp-image-204\" title=\"IMG_2257\" src=\"https:\/\/blog.klicklack.de\/wp-content\/uploads\/2012\/12\/IMG_2257.jpg\" alt=\"\" width=\"1000\" height=\"667\" srcset=\"https:\/\/www.klicklack.de\/wp-content\/uploads\/2012\/12\/IMG_2257.jpg 1000w, https:\/\/www.klicklack.de\/wp-content\/uploads\/2012\/12\/IMG_2257-300x200.jpg 300w, https:\/\/www.klicklack.de\/wp-content\/uploads\/2012\/12\/IMG_2257-449x300.jpg 449w\" sizes=\"auto, (max-width: 1000px) 100vw, 1000px\" \/><\/a><figcaption id=\"caption-attachment-204\" class=\"wp-caption-text\">W\u00fcrstchenverk\u00e4ufer. Blende 2,1\/128stel Sek.<\/figcaption><\/figure>\n<p>Auch dieses Bild ist bei genauem Hinsehen eine Entweder- Oder- Entscheidung. Hier h\u00e4tte man auch auf das Schaufenster im Hintergrund belichten k\u00f6nnen. Kompositorisch ist das wieder etwas, das man eigentlich nicht machen sollte. Das Schaufenster im Hintergrund zerst\u00f6rt das Bild n\u00e4mlich, weil es das Auge vom eigentlichen Motiv ablenkt.<\/p>\n<p>Zu Technik f\u00fcr Interessierte: Alle Aufnahmen entstanden mit einer Canon Eos 5D2. Die ISO- Einstellung der Kamera stand auf 1600. Belichtungsmessung im Mehrfeldmodus. Blende manuell vorgew\u00e4hlt, Zeitautomatik.<\/p>\n<p>Das bisherige Fazit ist: Das Objektiv arbeitet f\u00fcr mich zufriedenstellend: Der AF geht an meiner Kamera genau und die Bilder sind so scharf, wie sie es unter den vorgefundenen Gegebenheiten sein k\u00f6nnen.<\/p>\n<p>&nbsp;<\/p>\n","protected":false},"excerpt":{"rendered":"<p>Heute war Shopping angesagt: Ich suchte ein verwendbaes, lichtstarkes 50er. Geworden ist es ein Canon, das noch in<\/p>\n","protected":false},"author":1,"featured_media":0,"comment_status":"open","ping_status":"open","sticky":false,"template":"","format":"standard","meta":{"footnotes":""},"categories":[1],"tags":[],"class_list":["post-193","post","type-post","status-publish","format-standard","hentry","category-uncategorized"],"_links":{"self":[{"href":"https:\/\/www.klicklack.de\/index.php?rest_route=\/wp\/v2\/posts\/193","targetHints":{"allow":["GET"]}}],"collection":[{"href":"https:\/\/www.klicklack.de\/index.php?rest_route=\/wp\/v2\/posts"}],"about":[{"href":"https:\/\/www.klicklack.de\/index.php?rest_route=\/wp\/v2\/types\/post"}],"author":[{"embeddable":true,"href":"https:\/\/www.klicklack.de\/index.php?rest_route=\/wp\/v2\/users\/1"}],"replies":[{"embeddable":true,"href":"https:\/\/www.klicklack.de\/index.php?rest_route=%2Fwp%2Fv2%2Fcomments&post=193"}],"version-history":[{"count":10,"href":"https:\/\/www.klicklack.de\/index.php?rest_route=\/wp\/v2\/posts\/193\/revisions"}],"predecessor-version":[{"id":4479,"href":"https:\/\/www.klicklack.de\/index.php?rest_route=\/wp\/v2\/posts\/193\/revisions\/4479"}],"wp:attachment":[{"href":"https:\/\/www.klicklack.de\/index.php?rest_route=%2Fwp%2Fv2%2Fmedia&parent=193"}],"wp:term":[{"taxonomy":"category","embeddable":true,"href":"https:\/\/www.klicklack.de\/index.php?rest_route=%2Fwp%2Fv2%2Fcategories&post=193"},{"taxonomy":"post_tag","embeddable":true,"href":"https:\/\/www.klicklack.de\/index.php?rest_route=%2Fwp%2Fv2%2Ftags&post=193"}],"curies":[{"name":"wp","href":"https:\/\/api.w.org\/{rel}","templated":true}]}}