{"id":1890,"date":"2016-07-03T01:14:25","date_gmt":"2016-07-03T00:14:25","guid":{"rendered":"https:\/\/blog.klicklack.de\/?p=1890"},"modified":"2016-07-03T01:14:25","modified_gmt":"2016-07-03T00:14:25","slug":"mal-mit-regenbogen-und-panoramaversuch","status":"publish","type":"post","link":"https:\/\/www.klicklack.de\/?p=1890","title":{"rendered":"Mal mit Regenbogen und Panoramaversuch."},"content":{"rendered":"<p>Das Wetter erlaubt es mal und meine Zeit erlaubte es auch. Ich war nun endlich mal wieder unterwegs und habe ein paar Bilder gemacht. Wir hatten Regen mit gelegentlich aufrei\u00dfender Wolkendecke und kalt war&#8217;s auch, zumindest daf\u00fcr, dass gerade Juli ist.<\/p>\n<p>Die Kamera ist auch aus Zeitgr\u00fcnden immer noch nicht abgelotet; daher es wird es mal Zeit, ein bisschen weiterzuspielen.<\/p>\n<figure id=\"attachment_1891\" aria-describedby=\"caption-attachment-1891\" style=\"width: 1300px\" class=\"wp-caption alignnone\"><a href=\"https:\/\/blog.klicklack.de\/wp-content\/uploads\/2016\/07\/DSCG0414-Pano_klein.jpg\"><img loading=\"lazy\" decoding=\"async\" class=\"size-full wp-image-1891\" title=\"DSCG0414-Pano_klein\" src=\"https:\/\/blog.klicklack.de\/wp-content\/uploads\/2016\/07\/DSCG0414-Pano_klein.jpg\" alt=\"\" width=\"1300\" height=\"749\" srcset=\"https:\/\/www.klicklack.de\/wp-content\/uploads\/2016\/07\/DSCG0414-Pano_klein.jpg 1300w, https:\/\/www.klicklack.de\/wp-content\/uploads\/2016\/07\/DSCG0414-Pano_klein-300x172.jpg 300w, https:\/\/www.klicklack.de\/wp-content\/uploads\/2016\/07\/DSCG0414-Pano_klein-1024x589.jpg 1024w, https:\/\/www.klicklack.de\/wp-content\/uploads\/2016\/07\/DSCG0414-Pano_klein-500x288.jpg 500w\" sizes=\"auto, (max-width: 1300px) 100vw, 1300px\" \/><\/a><figcaption id=\"caption-attachment-1891\" class=\"wp-caption-text\">Panorama. In Lightroom zusammengeh\u00e4kelt. Mit dem 14er. Blende 2,8 bei 1\/140stel Sek.<\/figcaption><\/figure>\n<p>Mein Problem bei diesen Fotos war, dass sich das 2,8\/14 als richtiges Teleobjektiv herauskristallisiert hatte. Ich brauche also noch etwas, das k\u00fcrzer ist, z.B. das 10-14, das bereits auf der Beschaffungsliste steht und das mich im n\u00e4chsten Jahr in die USA begleiten soll.<\/p>\n<p>Gesehen habe ich diesen Regenbogen bei Equord an der B65 auf dem Heimweg von Hildesheim. Gl\u00fcck gehabt. 100 Meter weiter war ein Parkplatz und ich konnte mangels Gegenverkehr schnell mal in die Eisen steigen, um meine Bilder einzufangen.<\/p>\n<figure id=\"attachment_1894\" aria-describedby=\"caption-attachment-1894\" style=\"width: 533px\" class=\"wp-caption alignnone\"><a href=\"https:\/\/blog.klicklack.de\/wp-content\/uploads\/2016\/07\/DSCG0425.jpg\"><img loading=\"lazy\" decoding=\"async\" class=\"size-full wp-image-1894\" title=\"DSCG0425\" src=\"https:\/\/blog.klicklack.de\/wp-content\/uploads\/2016\/07\/DSCG0425.jpg\" alt=\"\" width=\"533\" height=\"800\" srcset=\"https:\/\/www.klicklack.de\/wp-content\/uploads\/2016\/07\/DSCG0425.jpg 533w, https:\/\/www.klicklack.de\/wp-content\/uploads\/2016\/07\/DSCG0425-199x300.jpg 199w\" sizes=\"auto, (max-width: 533px) 100vw, 533px\" \/><\/a><figcaption id=\"caption-attachment-1894\" class=\"wp-caption-text\">Windrad. Mit dem 55-200 bei 86mm, Blende 7,8 bei 1\/350stel Sek.<\/figcaption><\/figure>\n<p>Wie man sieht, ist der Regenbogen sehr farbintensiv. Ich habe allerdings bei der Farbs\u00e4ttigung noch ein bisschen nachgeholfen, damit die Farben noch ein bisschen intensiver werden.<\/p>\n<figure id=\"attachment_1893\" aria-describedby=\"caption-attachment-1893\" style=\"width: 1200px\" class=\"wp-caption alignnone\"><a href=\"https:\/\/blog.klicklack.de\/wp-content\/uploads\/2016\/07\/DSCG0438.jpg\"><img loading=\"lazy\" decoding=\"async\" class=\"size-full wp-image-1893\" title=\"DSCG0438\" src=\"https:\/\/blog.klicklack.de\/wp-content\/uploads\/2016\/07\/DSCG0438.jpg\" alt=\"\" width=\"1200\" height=\"800\" srcset=\"https:\/\/www.klicklack.de\/wp-content\/uploads\/2016\/07\/DSCG0438.jpg 1200w, https:\/\/www.klicklack.de\/wp-content\/uploads\/2016\/07\/DSCG0438-300x200.jpg 300w, https:\/\/www.klicklack.de\/wp-content\/uploads\/2016\/07\/DSCG0438-1024x682.jpg 1024w, https:\/\/www.klicklack.de\/wp-content\/uploads\/2016\/07\/DSCG0438-450x300.jpg 450w\" sizes=\"auto, (max-width: 1200px) 100vw, 1200px\" \/><\/a><figcaption id=\"caption-attachment-1893\" class=\"wp-caption-text\">Zwei Windr\u00e4der. EXIFs wie vor, bei 55 mm.<\/figcaption><\/figure>\n<p>Aus Platzgr\u00fcnden musste ich dieses Mal die Qualit\u00e4t ein bisschen herunterregeln. In PS Elements 13 ist das die Qualit\u00e4tsstufe 5, die hier zu sehen ist. Die Originale sind wesentlich besser.<\/p>\n<figure id=\"attachment_1892\" aria-describedby=\"caption-attachment-1892\" style=\"width: 1200px\" class=\"wp-caption alignnone\"><a href=\"https:\/\/blog.klicklack.de\/wp-content\/uploads\/2016\/07\/DSCG0406.jpg\"><img loading=\"lazy\" decoding=\"async\" class=\"size-full wp-image-1892\" title=\"DSCG0406\" src=\"https:\/\/blog.klicklack.de\/wp-content\/uploads\/2016\/07\/DSCG0406.jpg\" alt=\"\" width=\"1200\" height=\"800\" srcset=\"https:\/\/www.klicklack.de\/wp-content\/uploads\/2016\/07\/DSCG0406.jpg 1200w, https:\/\/www.klicklack.de\/wp-content\/uploads\/2016\/07\/DSCG0406-300x200.jpg 300w, https:\/\/www.klicklack.de\/wp-content\/uploads\/2016\/07\/DSCG0406-1024x682.jpg 1024w, https:\/\/www.klicklack.de\/wp-content\/uploads\/2016\/07\/DSCG0406-450x300.jpg 450w\" sizes=\"auto, (max-width: 1200px) 100vw, 1200px\" \/><\/a><figcaption id=\"caption-attachment-1892\" class=\"wp-caption-text\">Nur ein St\u00fcck Regenbogen. Mit dem 1,4\/23. Blende 9 bei 1\/350stel Sek.<\/figcaption><\/figure>\n<p>Nat\u00fcrlich \u00e4hneln sich die Daten hier. Ich habe die Programmautomatik benutzt, um zu sehen, ob die Kamera die Einstelldaten mit dem Objektiv variiert. Zumindest bei gutem Licht tut sie das offensichtlich nicht.<\/p>\n<p>Was die Panoramafunktion in Lightroom angeht, ist sie anscheinend besser als die im Photoshop. Ich habe nur zwei Versuche gebraucht, um eines hinzubekommen. Zudem habe ich noch einige weitere Tools angetestet. Funktioniert hat \u00fcbrigens keines davon.<\/p>\n<p>Wer es wissen will oder noch nicht wei\u00df: Unter dem Men\u00fcpukt &#8222;Foto &#8211;&gt;Zusammenf\u00fcgen&#8220; findet man diese Funktion. Einfach vorher zwei Bilder anw\u00e4hlen und das Programm machen lassen.<\/p>\n<h1>Was noch hilfreich bei Panoramen ist:<\/h1>\n<ul>\n<li>Die Kamera gerade halten. Die eingebaute Wasserwaage kann da hilfreich sein.<\/li>\n<li>Oder die Kamera auf ein genau waagerecht ausgerichtetes Stativ stellen, wenn Zeit daf\u00fcr ist. Das Bild oben ist ohne diese Hilfen entstanden. Ich habe einfach ein paar Aufnahmen mehr gemacht.<\/li>\n<li>Im RAW- Format fotografieren. Es ist einfach mehr Fleisch zum Verarbeiten da.<\/li>\n<li>Nur ein Objektiv verwenden und bei einem Zoom nicht die Brennweite verstellen.<\/li>\n<\/ul>\n<h1>Technische Daten:<\/h1>\n<p>Soweit nicht anderes angegeben ist: Die Bilder sind mit der X-Pro2 entstanden. Die ISO- Einstellung war 400. Keine Belichtungskorrektur. Die Mikrokontraste(Pr\u00e4senz) sind etwas angehoben. Gleiches mit der Farbs\u00e4ttigung. Alles in Lightroom, verkleinert ist das Ganze in PS Elements 13.<\/p>\n<p>\u00dcbrigens sind Regenb\u00f6gen in dieser Qualit\u00e4t hier in der Gegend nur selten zu sehen. Man muss sich also ranhalten, um sowas zu Gesicht und auf den Sensor zu bekommen.<\/p>\n<p>&nbsp;<\/p>\n<p>&nbsp;<\/p>\n","protected":false},"excerpt":{"rendered":"<p>Das Wetter erlaubt es mal und meine Zeit erlaubte es auch. Ich war nun endlich mal wieder unterwegs<\/p>\n","protected":false},"author":1,"featured_media":0,"comment_status":"open","ping_status":"open","sticky":false,"template":"","format":"standard","meta":{"footnotes":""},"categories":[1],"tags":[],"class_list":["post-1890","post","type-post","status-publish","format-standard","hentry","category-uncategorized"],"_links":{"self":[{"href":"https:\/\/www.klicklack.de\/index.php?rest_route=\/wp\/v2\/posts\/1890","targetHints":{"allow":["GET"]}}],"collection":[{"href":"https:\/\/www.klicklack.de\/index.php?rest_route=\/wp\/v2\/posts"}],"about":[{"href":"https:\/\/www.klicklack.de\/index.php?rest_route=\/wp\/v2\/types\/post"}],"author":[{"embeddable":true,"href":"https:\/\/www.klicklack.de\/index.php?rest_route=\/wp\/v2\/users\/1"}],"replies":[{"embeddable":true,"href":"https:\/\/www.klicklack.de\/index.php?rest_route=%2Fwp%2Fv2%2Fcomments&post=1890"}],"version-history":[{"count":2,"href":"https:\/\/www.klicklack.de\/index.php?rest_route=\/wp\/v2\/posts\/1890\/revisions"}],"predecessor-version":[{"id":1896,"href":"https:\/\/www.klicklack.de\/index.php?rest_route=\/wp\/v2\/posts\/1890\/revisions\/1896"}],"wp:attachment":[{"href":"https:\/\/www.klicklack.de\/index.php?rest_route=%2Fwp%2Fv2%2Fmedia&parent=1890"}],"wp:term":[{"taxonomy":"category","embeddable":true,"href":"https:\/\/www.klicklack.de\/index.php?rest_route=%2Fwp%2Fv2%2Fcategories&post=1890"},{"taxonomy":"post_tag","embeddable":true,"href":"https:\/\/www.klicklack.de\/index.php?rest_route=%2Fwp%2Fv2%2Ftags&post=1890"}],"curies":[{"name":"wp","href":"https:\/\/api.w.org\/{rel}","templated":true}]}}