{"id":182,"date":"2012-12-20T16:54:06","date_gmt":"2012-12-20T16:54:06","guid":{"rendered":"https:\/\/blog.klicklack.de\/?p=182"},"modified":"2012-12-20T16:54:06","modified_gmt":"2012-12-20T16:54:06","slug":"seriennummern-bei-canon","status":"publish","type":"post","link":"https:\/\/www.klicklack.de\/?p=182","title":{"rendered":"Seriennummern bei Canon"},"content":{"rendered":"<p>Das Wetter ist grau und bescheiden- sch\u00f6n, ein Spaziergang mit der Kamera lohnt momentan bei der norddeutschen Sonne nicht.<\/p>\n<p>Also ist es Zeit, sich mal mit ein paar Spielereien zu befassen. Heute geht es um die Altersbestimmung gebrauchten Canon- Equipments neueren Baudatums. Das ist vielleicht nicht zum Fotografieren wichtig, aber kann durchaus von Interesse sein, wenn man mal neugierig ist.<\/p>\n<p>Offiziell hei\u00dft es, dass es bei Canon kein bstimmtes System gibt, was die Durchnummerierung von Canon- Produkten angeht.<\/p>\n<p>Die Seriennummer kann man unter der Kamera auf dem Typenschild finden. Das sieht so aus:<\/p>\n<figure id=\"attachment_188\" aria-describedby=\"caption-attachment-188\" style=\"width: 1000px\" class=\"wp-caption alignnone\"><a href=\"https:\/\/blog.klicklack.de\/wp-content\/uploads\/2012\/12\/DSCF0818.jpg\"><img loading=\"lazy\" decoding=\"async\" class=\"size-full wp-image-188\" title=\"DSCF0818\" src=\"https:\/\/blog.klicklack.de\/wp-content\/uploads\/2012\/12\/DSCF0818.jpg\" alt=\"\" width=\"1000\" height=\"708\" srcset=\"https:\/\/www.klicklack.de\/wp-content\/uploads\/2012\/12\/DSCF0818.jpg 1000w, https:\/\/www.klicklack.de\/wp-content\/uploads\/2012\/12\/DSCF0818-300x212.jpg 300w, https:\/\/www.klicklack.de\/wp-content\/uploads\/2012\/12\/DSCF0818-423x300.jpg 423w\" sizes=\"auto, (max-width: 1000px) 100vw, 1000px\" \/><\/a><figcaption id=\"caption-attachment-188\" class=\"wp-caption-text\">Typenschild der Canon Eos 5DMk2. Relevant sind die ersten zwei Stellen; der Rest ist aus Datenschutzgr\u00fcnden unkenntlich gemacht.<\/figcaption><\/figure>\n<p>Zumindest f\u00fcr die EOS 5D Mk2 habe ich allerdings eine Tabelle gefunden, die recht aussagekr\u00e4ftig ist und mit eine gewisse \u00dcbereinstimmung der Realit\u00e4t aufzeigen sollte, wenn es sich um ein neueres Modell handelt. Relevant f\u00fcr die Ermittlung sind nur die ersten zwei Stellen der Seriennummer. Die genannten Zahlen k\u00f6nnen aber durchaus um etwa einen Monat von der Realit\u00e4t abweichen.<\/p>\n<p>Sept 08 -&gt; 00<br \/>\nOct 08 -&gt; 01<br \/>\nNov 08 -&gt; 02<br \/>\nDec 08 -&gt; 03<br \/>\nJan 09 -&gt; 04<br \/>\nFeb 09 -&gt; 05<br \/>\nMar 09 -&gt; 06<br \/>\nApr 09 -&gt; 07<br \/>\nMay 09 -&gt; 08<br \/>\nJune 09 -&gt; 09<br \/>\nJuly 09 -&gt; 10<br \/>\nAug 09 -&gt; 11<br \/>\nSept 09 -&gt; 12<br \/>\nOct 09 -&gt; 13<br \/>\nNov 09 -&gt; 14<br \/>\nDec 09 -&gt; 15<br \/>\nJan 10 -&gt; 16<br \/>\nFeb 10 -&gt; 17<br \/>\nMar 10 -&gt; 18<br \/>\nApr 10 -&gt; 19<br \/>\netc&#8230;<\/p>\n<p>Wenn man diese Liste decodiert und weiterrechnet, erlaubt das durchaus genaue R\u00fcckschl\u00fcsse auf das Herstellungsdatum. Meine Kamera beginnt mit der Nummer 33, es ist demnach 33 Monate her, dass das Nummernsystem am Markt eingef\u00fchrt wurde bzw. eine &#8222;Runde gedreht&#8220; hatte. September 2008 + 33 Monate ergibt Juni 2011. Gekauft habe ich sie im Juli 2011; die Kamera war also im Verh\u00e4ltnis frischer als manches aufgebackene Br\u00f6tchen&#8230;<\/p>\n<p>Entdeckt habe ich das hier:<\/p>\n<p><a href=\"http:\/\/photography-on-the.net\/forum\/showthread.php?t=846051\">http:\/\/photography-on-the.net\/forum\/showthread.php?t=846051<\/a><\/p>\n<p>Es gibt aber auch noch weitere Indikatoren. Seit es die CE- Kennzeichnung auch bei Objektiven gibt, verr\u00e4t Canon das Baudatum mit einer gr\u00f6\u00dferen Toleranz auch direkt neben der CE-Kennzeichnung. Die findet sich meistens ziemlich genau an der Unterseite der Kamera:<\/p>\n<figure id=\"attachment_187\" aria-describedby=\"caption-attachment-187\" style=\"width: 1000px\" class=\"wp-caption alignnone\"><a href=\"https:\/\/blog.klicklack.de\/wp-content\/uploads\/2012\/12\/IMG_2220.jpg\"><img loading=\"lazy\" decoding=\"async\" class=\"size-full wp-image-187\" title=\"IMG_2220\" src=\"https:\/\/blog.klicklack.de\/wp-content\/uploads\/2012\/12\/IMG_2220.jpg\" alt=\"\" width=\"1000\" height=\"667\" srcset=\"https:\/\/www.klicklack.de\/wp-content\/uploads\/2012\/12\/IMG_2220.jpg 1000w, https:\/\/www.klicklack.de\/wp-content\/uploads\/2012\/12\/IMG_2220-300x200.jpg 300w, https:\/\/www.klicklack.de\/wp-content\/uploads\/2012\/12\/IMG_2220-449x300.jpg 449w\" sizes=\"auto, (max-width: 1000px) 100vw, 1000px\" \/><\/a><figcaption id=\"caption-attachment-187\" class=\"wp-caption-text\">Modellnummer mit CE-Kennzeichnung, hier am 2,8\/24-70 L<\/figcaption><\/figure>\n<p>Das oben genannte Objektiv habe ich gebraucht mit einer Mordsdelle im Filtergewinde gekauft. Das gute St\u00fcck war zum Kaufzweitpunkt ein rundes halbes Jahr alt, wenn man mal die Codierung der Seriennummern von oben zugrundelegt.<\/p>\n<p>Gleiches gilt auch f\u00fcr einige andere Objektive in meinem Fundus, die entweder nahezu neu waren(maximal ein Jahr) oder die ich gleich neu erwarb. Das 2,8\/24-70 wurde beispielsweise Ende 2003 auf dem Markt eingef\u00fchrt und wird gebraucht genauso teuer verkauft wie meine Quasi- Neuerwerbung, die ich zudem noch bei der gerade passenden Gelegenheit nachjustieren lassen habe. \u00dcber den jetzigen Gebrauchtpreis decke ich hier mal den Mantel des Schweigens: Der d\u00fcrfte mittlerweile h\u00f6her sein als das, was ich daf\u00fcr ausgegeben habe&#8230;<\/p>\n<p>&nbsp;<\/p>\n<p>&nbsp;<\/p>\n<p>&nbsp;<\/p>\n","protected":false},"excerpt":{"rendered":"<p>Das Wetter ist grau und bescheiden- sch\u00f6n, ein Spaziergang mit der Kamera lohnt momentan bei der norddeutschen Sonne<\/p>\n","protected":false},"author":1,"featured_media":0,"comment_status":"open","ping_status":"open","sticky":false,"template":"","format":"standard","meta":{"footnotes":""},"categories":[1],"tags":[],"class_list":["post-182","post","type-post","status-publish","format-standard","hentry","category-uncategorized"],"_links":{"self":[{"href":"https:\/\/www.klicklack.de\/index.php?rest_route=\/wp\/v2\/posts\/182","targetHints":{"allow":["GET"]}}],"collection":[{"href":"https:\/\/www.klicklack.de\/index.php?rest_route=\/wp\/v2\/posts"}],"about":[{"href":"https:\/\/www.klicklack.de\/index.php?rest_route=\/wp\/v2\/types\/post"}],"author":[{"embeddable":true,"href":"https:\/\/www.klicklack.de\/index.php?rest_route=\/wp\/v2\/users\/1"}],"replies":[{"embeddable":true,"href":"https:\/\/www.klicklack.de\/index.php?rest_route=%2Fwp%2Fv2%2Fcomments&post=182"}],"version-history":[{"count":7,"href":"https:\/\/www.klicklack.de\/index.php?rest_route=\/wp\/v2\/posts\/182\/revisions"}],"predecessor-version":[{"id":3744,"href":"https:\/\/www.klicklack.de\/index.php?rest_route=\/wp\/v2\/posts\/182\/revisions\/3744"}],"wp:attachment":[{"href":"https:\/\/www.klicklack.de\/index.php?rest_route=%2Fwp%2Fv2%2Fmedia&parent=182"}],"wp:term":[{"taxonomy":"category","embeddable":true,"href":"https:\/\/www.klicklack.de\/index.php?rest_route=%2Fwp%2Fv2%2Fcategories&post=182"},{"taxonomy":"post_tag","embeddable":true,"href":"https:\/\/www.klicklack.de\/index.php?rest_route=%2Fwp%2Fv2%2Ftags&post=182"}],"curies":[{"name":"wp","href":"https:\/\/api.w.org\/{rel}","templated":true}]}}