{"id":1758,"date":"2015-12-31T02:33:49","date_gmt":"2015-12-31T01:33:49","guid":{"rendered":"https:\/\/blog.klicklack.de\/?p=1758"},"modified":"2015-12-31T23:23:01","modified_gmt":"2015-12-31T22:23:01","slug":"endlich-mal","status":"publish","type":"post","link":"https:\/\/www.klicklack.de\/?p=1758","title":{"rendered":"Endlich mal&#8230;"},"content":{"rendered":"<p>&#8230;sieht man Konkreteres von Fujis neuer X-Pro.<\/p>\n<p>Wenn man sich die Bilder so ansieht, ist das wie das Warten eines Vierj\u00e4hrigen auf den Weihnachtsmann. Nur kommt er diesmal vielleicht.<\/p>\n<p>Ich habe hier ein P\u00e4rchen Bilder von der Fujirumors- Website, die zeigen sollen, wie das neue Opus der Fujianer aussieht.<\/p>\n<figure id=\"attachment_1759\" aria-describedby=\"caption-attachment-1759\" style=\"width: 1400px\" class=\"wp-caption alignnone\"><a href=\"https:\/\/blog.klicklack.de\/wp-content\/uploads\/2015\/12\/fujifilm-x-pro2-fujirumors.jpg\"><img loading=\"lazy\" decoding=\"async\" class=\" wp-image-1759\" title=\"fujifilm-x-pro2-fujirumors\" src=\"https:\/\/blog.klicklack.de\/wp-content\/uploads\/2015\/12\/fujifilm-x-pro2-fujirumors.jpg\" alt=\"\" width=\"1400\" height=\"600\" srcset=\"https:\/\/www.klicklack.de\/wp-content\/uploads\/2015\/12\/fujifilm-x-pro2-fujirumors.jpg 1400w, https:\/\/www.klicklack.de\/wp-content\/uploads\/2015\/12\/fujifilm-x-pro2-fujirumors-300x128.jpg 300w, https:\/\/www.klicklack.de\/wp-content\/uploads\/2015\/12\/fujifilm-x-pro2-fujirumors-1024x438.jpg 1024w, https:\/\/www.klicklack.de\/wp-content\/uploads\/2015\/12\/fujifilm-x-pro2-fujirumors-500x214.jpg 500w\" sizes=\"auto, (max-width: 1400px) 100vw, 1400px\" \/><\/a><figcaption id=\"caption-attachment-1759\" class=\"wp-caption-text\">Die Front der Neuen&#8230;<\/figcaption><\/figure>\n<p>Die Front bietet soweit mal keine gro\u00dfen \u00dcberraschungen. Jetzt mal das Heck, auch von denen:<\/p>\n<figure id=\"attachment_1760\" aria-describedby=\"caption-attachment-1760\" style=\"width: 611px\" class=\"wp-caption alignnone\"><a href=\"https:\/\/blog.klicklack.de\/wp-content\/uploads\/2015\/12\/back_fujirumors.png\"><img loading=\"lazy\" decoding=\"async\" class=\" wp-image-1760\" title=\"back_fujirumors\" src=\"https:\/\/blog.klicklack.de\/wp-content\/uploads\/2015\/12\/back_fujirumors.png\" alt=\"\" width=\"611\" height=\"405\" srcset=\"https:\/\/www.klicklack.de\/wp-content\/uploads\/2015\/12\/back_fujirumors.png 611w, https:\/\/www.klicklack.de\/wp-content\/uploads\/2015\/12\/back_fujirumors-300x198.png 300w, https:\/\/www.klicklack.de\/wp-content\/uploads\/2015\/12\/back_fujirumors-452x300.png 452w\" sizes=\"auto, (max-width: 611px) 100vw, 611px\" \/><\/a><figcaption id=\"caption-attachment-1760\" class=\"wp-caption-text\">Die R\u00fcckseite der Neuen.<\/figcaption><\/figure>\n<p>Dann hei\u00dft es, dass das Speicherkartenfach an die Seite der Kamera gewandert sein soll, es den Sucher der X100T geben soll und einen Joystick, dessen Funktion noch nicht weiter definiert ist, aber die Q-Taste und die Navigation durch dessen Auswahlfelder erleichtern k\u00f6nnte. Ebenfalls neu ist das W\u00e4hlrad an der Frontseite der Kamera. Was das wirklich wird, werden wir sehen. Zudem soll man die Lichtempfindlichkeit des Sensors dann hardwarem\u00e4\u00dfig wie weiland bei den Analogen durch Hochziehen und Drehen des Verschlusszeitenrads einstellen k\u00f6nnen. Die Belichtungskorrektur soll \u00fcber f\u00fcnf Stufen reichen. \u00dcber eine Dioptrienkorrektur soll auch nachgedacht worden sein. Ein Klappdisplay soll es aber nicht geben. Das sollte wohl den T-Modellen vorbehalten bleiben und w\u00fcrde auch irgendwie nicht zur Philosophie dieses Produktes passen. Was das \u00c4u\u00dfere der Kamera angeht, sind also keine \u00dcberraschungen zu erwarten, wie erhofft \u00fcbrigens, sondern nur einige Detail\u00e4nderungen. Etwas kleiner als die X-Pro1 soll sie auch werden.<\/p>\n<p>Das Datum scheint wieder mal unklar zu sein. Bisher hie\u00df es zur CES oder kurz danach. Nun soll es Mitte Februar werden. Vielleicht kommt sie dann mit dem 80-400, auf das auch schon einige Leute warten.<\/p>\n<p>Wie gesagt, schaun mer mal, wie das ausschaut, wenn das Ger\u00e4t auf dem Markt ist. Kolportiert wird ja vieles&#8230;<\/p>\n","protected":false},"excerpt":{"rendered":"<p>&#8230;sieht man Konkreteres von Fujis neuer X-Pro. Wenn man sich die Bilder so ansieht, ist das wie das<\/p>\n","protected":false},"author":1,"featured_media":0,"comment_status":"open","ping_status":"open","sticky":false,"template":"","format":"standard","meta":{"footnotes":""},"categories":[1],"tags":[],"class_list":["post-1758","post","type-post","status-publish","format-standard","hentry","category-uncategorized"],"_links":{"self":[{"href":"https:\/\/www.klicklack.de\/index.php?rest_route=\/wp\/v2\/posts\/1758","targetHints":{"allow":["GET"]}}],"collection":[{"href":"https:\/\/www.klicklack.de\/index.php?rest_route=\/wp\/v2\/posts"}],"about":[{"href":"https:\/\/www.klicklack.de\/index.php?rest_route=\/wp\/v2\/types\/post"}],"author":[{"embeddable":true,"href":"https:\/\/www.klicklack.de\/index.php?rest_route=\/wp\/v2\/users\/1"}],"replies":[{"embeddable":true,"href":"https:\/\/www.klicklack.de\/index.php?rest_route=%2Fwp%2Fv2%2Fcomments&post=1758"}],"version-history":[{"count":2,"href":"https:\/\/www.klicklack.de\/index.php?rest_route=\/wp\/v2\/posts\/1758\/revisions"}],"predecessor-version":[{"id":1765,"href":"https:\/\/www.klicklack.de\/index.php?rest_route=\/wp\/v2\/posts\/1758\/revisions\/1765"}],"wp:attachment":[{"href":"https:\/\/www.klicklack.de\/index.php?rest_route=%2Fwp%2Fv2%2Fmedia&parent=1758"}],"wp:term":[{"taxonomy":"category","embeddable":true,"href":"https:\/\/www.klicklack.de\/index.php?rest_route=%2Fwp%2Fv2%2Fcategories&post=1758"},{"taxonomy":"post_tag","embeddable":true,"href":"https:\/\/www.klicklack.de\/index.php?rest_route=%2Fwp%2Fv2%2Ftags&post=1758"}],"curies":[{"name":"wp","href":"https:\/\/api.w.org\/{rel}","templated":true}]}}